{"id":10260,"date":"2024-02-09T10:20:42","date_gmt":"2024-02-09T09:20:42","guid":{"rendered":"https:\/\/zvks.sk\/?p=10260"},"modified":"2024-12-03T13:21:15","modified_gmt":"2024-12-03T12:21:15","slug":"kauza-tk-belimex","status":"publish","type":"post","link":"https:\/\/zvks.sk\/en\/kauza-tk-belimex\/","title":{"rendered":"Kauza TK Belimex"},"content":{"rendered":"<p class=\"e_title e_title__serif\" style=\"text-align: left;\"><span data-cabriot=\"3817567\">V podnikate\u013eskom pr\u00edbehu Tarabu hral hlavn\u00fa \u00falohu dnes ob\u017ealovan\u00fd Ko\u0161\u010d a krach kni\u017enej firmy Belimex. <a href=\"https:\/\/e.dennikn.sk\/3817567\/v-podnikatelskom-pribehu-tarabu-hral-hlavnu-ulohu-dnes-obzalovany-kosc-a-krach-kniznej-firmy-belimex\/\" target=\"_blank\" rel=\"noopener\"><img loading=\"lazy\" decoding=\"async\" class=\"alignright wp-image-7001\" src=\"https:\/\/zvks.sk\/wp-content\/uploads\/2021\/11\/dennik_E-300x87.jpg\" alt=\"\" width=\"125\" height=\"36\" srcset=\"https:\/\/zvks.sk\/wp-content\/uploads\/2021\/11\/dennik_E-300x87.jpg 300w, https:\/\/zvks.sk\/wp-content\/uploads\/2021\/11\/dennik_E-150x44.jpg 150w, https:\/\/zvks.sk\/wp-content\/uploads\/2021\/11\/dennik_E.jpg 417w\" sizes=\"(max-width: 125px) 100vw, 125px\" \/><\/a><\/span><\/p>\n<p>. Z firiem Tom\u00e1\u0161a Tarabu dosahovali najvy\u0161\u0161ie tr\u017eby tie, ktor\u00e9 robili biznis s knihami a so str\u00e1\u017enymi slu\u017ebami.<br \/>\n. V\u00e4\u010d\u0161inu jeho kari\u00e9ry mu bol k\u013e\u00fa\u010dov\u00fdm obchodn\u00fdm partnerom Peter Ko\u0161\u010d, ktor\u00fd je ob\u017ealovan\u00fd z podpl\u00e1cania a pred s\u00fadmi sa skr\u00fdva v zahrani\u010d\u00ed.<br \/>\n. Kni\u017en\u00fd distrib\u00fator Belimex po ich pr\u00edchode skrachoval. Konkurzn\u00fd spr\u00e1vca ich \u017ealoval za to, \u017ee na seba previedli z majetku Belimexu hodnotn\u00e9 kn\u00edhkupectv\u00e1. \u017dalobu zamietol \u201eKo\u010dnerov\u201c sudca Vladim\u00edr Sklenka.<\/p>\n<p>Ke\u010f sa po vo\u013eb\u00e1ch v\u00a0m\u00e9di\u00e1ch objavovali \u00favahy o\u00a0bud\u00facich \u010dlenoch vl\u00e1dy za SNS, proti mo\u017enej nomin\u00e1cii Tom\u00e1\u0161a Tarabu za ministra kult\u00fary reagovala kult\u00farna obec\u00a0<a href=\"https:\/\/www.peticie.com\/protest_proti_vymenovaniu_poslanca_nr_sr_tomaa_tarabu_za_ministra_kultury\" target=\"_blank\" rel=\"noopener\">pet\u00edciou<\/a>, najm\u00e4 pre jeho minulos\u0165 na kandid\u00e1tke \u013dSNS.\u00a0Zvl\u00e1\u0161\u0165 citlivo a\u00a0aj z\u00a0in\u00fdch d\u00f4vodov v\u0161ak na podobn\u00e9 sign\u00e1ly reagovali kni\u017en\u00ed vydavatelia.\u00a0Niektor\u00ed s\u00fa presved\u010den\u00ed, \u017ee Taraba spolu s\u00a0Petrom Ko\u0161\u010dom z\u00e1merne prispeli ku krachu popredn\u00e9ho distrib\u00fatora a\u00a0u\u0161kodili jeho verite\u013eom.<\/p>\n<p>Pred viac ne\u017e dek\u00e1dou za\u017eili situ\u00e1ciu, ktor\u00fa \u0161\u00e9f Slovartu Juraj Heger prirovnal k\u00a0tomu, ke\u010f sa k\u00a0parti\u010dke kamar\u00e1tov, ktor\u00ed hraj\u00fa hokej na rybn\u00edku, pridaj\u00fa \u0161tyria kanadsk\u00ed profesion\u00e1li. \u201eNa konci my sme krvav\u00ed, oni hovoria, \u017ee hrali pod\u013ea pravidiel, a\u00a0e\u0161te maj\u00fa pocit, \u017ee si dobre nezahrali,\u201c vyjadril Heger v\u00a0tom \u010dase svoje dojmy v\u00a0rel\u00e1cii RTVS\u00a0<a href=\"https:\/\/www.rtvs.sk\/televizia\/archiv\/16952\/23528#730\" target=\"_blank\" rel=\"noopener\">Report\u00e9ri<\/a>.\u00a0Peter Ko\u0161\u010d je aktu\u00e1lne ob\u017ealovan\u00fd z\u00a0podpl\u00e1cania a\u00a0pod\u013ea\u00a0<a href=\"https:\/\/www.aktuality.sk\/clanok\/0X3TlMm\/rozsudok-v-kauze-dusana-kovacika-nepadne-sud-zdovodnil-preco-termin-zrusil\/\" target=\"_blank\" rel=\"noopener\">inform\u00e1ci\u00ed<\/a>\u00a0zo\u00a0s\u00fadneho pojedn\u00e1vania sa nach\u00e1dza v\u00a0Kanade. Taraba, minister \u017eivotn\u00e9ho prostredia, od svojho vstupu do politiky nieko\u013ekokr\u00e1t\u00a0<a href=\"https:\/\/domov.sme.sk\/c\/23248951\/tomas-taraba-rozhovor-politika.html\" target=\"_blank\" rel=\"noopener\">vyhl\u00e1sil<\/a>, \u017ee s n\u00edm preru\u0161il vz\u0165ahy.\u00a0\u201eJe to trpk\u00e1 spomienka, z ktorej pre m\u0148a vypl\u00fdva, \u017ee na Slovensku je mo\u017en\u00e9 v\u0161etko,\u201c komentuje dnes \u0161\u00e9f vydavate\u013estva Slovart Heger pre Denn\u00edk N.<br \/>\n\u201eFaktom je, \u017ee ka\u017ed\u00fd rok kon\u010dia nejak\u00e9 firmy v konkurze a sna\u017eia sa to rie\u0161i\u0165, ale je norm\u00e1lne komunikova\u0165 s verite\u013emi. Vtedy sme v\u0161ak dvoch p\u00e1nov nikdy nevideli, iba v telev\u00edzii.\u201c Daniel Koll\u00e1r z vydavate\u013estva Dajama v \u010dase prevalenia kauzy \u0161\u00e9foval Zdru\u017eeniu vydavate\u013eov a kn\u00edhkupcov. \u201eBola to rana kni\u017en\u00e9mu trhu a kult\u00fare a skon\u010dilo sa to ako ve\u013ea k\u00e1uz na Slovensku \u2013 odi\u0161lo to do stratena a \u010cierny Peter zostal v ruk\u00e1ch vydavate\u013eov.\u201c\u00a0Aj Koloman Kert\u00e9sz Bagala povedal, \u017ee pre jeho vydavate\u013estvo boli d\u00f4sledky \u201ezdrvuj\u00face\u201c, Belimex bol toti\u017e jeho v\u00fdhradn\u00fd distrib\u00fator.\u00a0\u201eKonatelia nekomunikovali, na\u0165ahovali \u010das s re\u0161trukturaliz\u00e1ciou a fakt\u00fary neuhr\u00e1dzali. V\u00fdsledok konkurzu bol predv\u00eddate\u013en\u00fd \u2013 nedostali sme ni\u010d,\u201c opisuje Albert Maren\u010din z vydavate\u013estva Maren\u010din PT.\u00a0In\u00ed to pripisuj\u00fa nezvl\u00e1dnut\u00e9mu mana\u017ementu v rizikovom prostred\u00ed. Pod\u013ea Mat\u00fa\u0161a Ml\u00e1deka z vydavate\u013estva Aurora zlyhala investi\u010dn\u00e1 strat\u00e9gia \u201elacno k\u00fapi\u0165, re\u0161trukturalizova\u0165 a v\u0161etk\u00fdm to uk\u00e1za\u0165\u201c.\u00a0Zis\u0165ovali sme, ako dopadla kauza a\u00a0s\u00fad s\u00a0jej akt\u00e9rmi.<\/p>\n<p><em>Vysok\u00e9 tr\u017eby, e\u0161te vy\u0161\u0161ie amb\u00edcie<\/em><\/p>\n<p>Taraba s\u00edce podnikal s\u00a0knihami kr\u00e1tko, ale v\u00fd\u0161kou tr\u017eieb to bol najv\u00fdznamnej\u0161\u00ed biznis, do ak\u00e9ho vst\u00fapil. V\u00a0roku 2011 mal Belimex (nesk\u00f4r TK Belimex) tr\u017eby\u00a0<a href=\"https:\/\/www.registeruz.sk\/cruz-public\/domain\/financialreport\/show\/3190168\" target=\"_blank\" rel=\"noopener\">5,8 mili\u00f3na eur<\/a>\u00a0a\u00a0sie\u0165 kn\u00edhkupectiev Libri (TK Libri)\u00a0<a href=\"https:\/\/www.registeruz.sk\/cruz-public\/domain\/accountingentity\/show\/286221\" target=\"_blank\" rel=\"noopener\">5,4 mili\u00f3na.<\/a>\u00a0Z\u00a0Tarabov\u00fdch a\u00a0Ko\u0161\u010dov\u00fdch firiem sa k\u00a0tomu bl\u00ed\u017eili len tie, ktor\u00e9 sa zameriavali na poskytovanie bezpe\u010dnostn\u00fdch slu\u017eieb.\u00a0TK Security<a href=\"https:\/\/www.registeruz.sk\/cruz-public\/domain\/accountingentity\/show\/739230\" target=\"_blank\" rel=\"noopener\">\u00a0dosahovala<\/a>\u00a0v\u00a0rokoch 2011 a\u00a02012 \u0161tvormili\u00f3nov\u00e9 tr\u017eby a\u00a0zhruba na takejto \u00farovni sa v\u00a0predch\u00e1dzaj\u00facom obdob\u00ed pohybovali aj\u00a0<a href=\"https:\/\/www.registeruz.sk\/cruz-public\/domain\/accountingentity\/show\/267256\" target=\"_blank\" rel=\"noopener\">v\u00fdsledky Dast Security<\/a>.\u00a0Taraba s Ko\u0161\u010dom neboli len pr\u00edle\u017eitostn\u00ed obchodn\u00ed partneri. Budovali spolu sie\u0165 firiem, ktor\u00e9 mali v n\u00e1zvoch inici\u00e1ly ich priezvisk (Napr\u00edklad TK Shops, TK Publishing, TK Promotion, TK Finance a TK Logistics I.).\u00a0V skupine TK Groupe (predt\u00fdm SlovakInvest Agency) bol Taraba predsedom a Ko\u0161\u010d podpredsedom predstavenstva. Takto to bolo od roku 2007 nepretr\u017eite 13 rokov.\u00a0Pod\u013ea svojho webu zamestn\u00e1vala skupina 450 \u013eud\u00ed. \u201eTK Groupe a. s. je dynamicky rast\u00facou spolo\u010dnos\u0165ou zameriavaj\u00facou sa prostredn\u00edctvom dc\u00e9rskych spolo\u010dnost\u00ed na poskytovanie slu\u017eieb v oblastiach v\u00fdvoja softv\u00e9ru, marketingu, developerstva, ekonomick\u00e9ho poradenstva, vedenia \u00fa\u010dtovn\u00edctva, spr\u00e1vy a ochrany majetku.\u201c\u00a0Ostatn\u00e9 z\u00a0ich spolo\u010dn\u00fdch firiem u\u017e boli men\u0161ie. Tr\u017eby nad 1 mili\u00f3n eur mala e\u0161te softv\u00e9rov\u00e1 firma Vestram Software. Obraty ostatn\u00fdch esero\u010diek boli u\u017e len v\u00a0desiatkach a\u017e stovk\u00e1ch tis\u00edcov eur. Ve\u013ekos\u0165ou majetku boli ve\u013ek\u00e9 e\u0161te aj developersk\u00e9 firmy, napr\u00edklad spolo\u010dnos\u0165\u00a0<a href=\"https:\/\/finstat.sk\/36780537\/suvaha\" target=\"_blank\" rel=\"noopener\">Pozemky \u010cast\u00e1\u00a0<\/a>a\u00a0<a href=\"https:\/\/www.finstat.sk\/47232901\/suvaha\" target=\"_blank\" rel=\"noopener\">TK Logistics II<\/a>.\u00a0TK Groupe teda nebola \u00faplne bezv\u00fdznamnou skupinou, ale \u010faleko to nedotiahla a\u00a0\u017eiadny z\u00a0jej \u010fal\u0161\u00edch biznisov tr\u017ebami neprekonal \u010d\u00edsla Belimexu.<\/p>\n<p><em>Nad\u0161enie vydr\u017ealo pol roka<\/em><\/p>\n<p>Vstup Tarabu a\u00a0Ko\u0161\u010da do Belimexu koncom\u00a0roka 2011 pre\u0161iel bez zmienky v\u00a0m\u00e9di\u00e1ch. A\u017e nesk\u00f4r sa objavili \u0161pekul\u00e1cie o\u00a0n\u00e1\u0161\u013eapn\u00fdch m\u00ednach vo firme, ktor\u00e9 sa mohli odrazi\u0165 na jej cene:\u00a0<a href=\"https:\/\/hnonline.sk\/dennik\/574480-znamy-slovensky-distributor-knih-mieri-do-konkurzu\" target=\"_blank\" rel=\"noopener\">Hospod\u00e1rske noviny<\/a>\u00a0tvrdili, \u017ee ju kupovali za euro, predch\u00e1dzaj\u00faci majite\u013e ve\u013ekoobchodu J\u00e1n Kasper nesk\u00f4r pre\u00a0Aktuality.sk\u00a0<a href=\"https:\/\/www.aktuality.sk\/clanok\/875837\/sef-kuffovcov-taraba-firma-s-exsiskarom-milionovy-majetok-pozemky-s-kontroverznym-trajterom\/\" target=\"_blank\" rel=\"noopener\">hovoril<\/a> o\u00a0\u0161es\u0165miestnom \u010d\u00edsle, pod\u013ea na\u0161ich inform\u00e1ci\u00ed kolovala suma 130-tis\u00edc eur.\u00a0V\u00a0tom obdob\u00ed u\u017e Belimex za\u010d\u00ednal upada\u0165 a\u00a0Taraba s\u00a0Ko\u0161\u010dom s\u013eubovali, \u017ee ho o\u017eivia. \u201ePo re\u0161trukturaliz\u00e1cii a\u00a0moderniz\u00e1cii spolo\u010dnosti sa pl\u00e1nuje jej \u010fal\u0161\u00ed rast a\u00a0expanzia maloobchodnej siete, ako aj spustenie vlastn\u00e9ho kni\u017en\u00e9ho eshopu s\u00a0revolu\u010dn\u00fdmi cenami,\u201c p\u00edsala ich TK Groupe na\u00a0<a href=\"http:\/\/www.tkgroupe.com\/\" target=\"_blank\" rel=\"noopener\">svojom webe<\/a> na jese\u0148 2011.\u00a0Pod\u013ea Ml\u00e1deka z vydavate\u013estva Aurora sa nov\u00ed majitelia do nap\u013a\u0148ania svojej ambici\u00f3znej strat\u00e9gie pustili \u201es vervou a nie \u00faplne uv\u00e1\u017een\u00fdmi invest\u00edciami do nov\u00fdch predajn\u00ed. Vzh\u013eadom na neznalos\u0165 prostredia a sp\u00f4sob komunik\u00e1cie, ktor\u00fa v tom \u010dase viedol p\u00e1n Taraba, okam\u017eite narazili na dod\u00e1vate\u013eov, z ktor\u00fdch rozumn\u00e1 v\u00e4\u010d\u0161ina za\u010dala s\u0165ahova\u0165 tovar\u201c, komentuje.\u00a0\u201ePod\u013ea mojich inform\u00e1ci\u00ed sa po pol roku vy\u010derpan\u00ed majitelia z\u00a0mana\u017eovania tejto invest\u00edcie stiahli a\u00a0chod cel\u00e9ho projektu ponechali na zamestnancoch TK Groupe, ktor\u00ed s\u00a0realitou kni\u017en\u00e9ho trhu, ako aj maloobchodu, mali nulov\u00e9 sk\u00fasenosti,\u201c dodal Ml\u00e1dek.<\/p>\n<p><em>\u201eKedysi norm\u00e1lne funguj\u00faca firma\u201c<\/em><\/p>\n<p>Ke\u010f sa po\u010das \u010fal\u0161\u00edch mesiacov hromadili probl\u00e9my a podl\u017enosti, vydavatelia ru\u0161ili zmluvy s Belimexom a ne\u00faspe\u0161ne sa pok\u00fa\u0161ali prevzia\u0165 svoje knihy.\u00a0Obchod s knihami funguje tak, \u017ee distribu\u010dn\u00e1 spolo\u010dnos\u0165 ich prevezme od vydavate\u013eov a plat\u00ed im pod\u013ea po\u010dtov predan\u00fdch kusov, ktor\u00e9 nahl\u00e1sia kn\u00edhkupectv\u00e1.\u00a0Mana\u017e\u00e9ri TK Belimex a n\u00e1stupn\u00edckych spolo\u010dnost\u00ed v\u0161ak vydavate\u013eom po\u010das nap\u00e4tej situ\u00e1cie odmietali uhradi\u0165 fakt\u00fary za predan\u00e9 knihy a vr\u00e1ti\u0165 tie nepredan\u00e9, po\u017eadovali od nich papiere navy\u0161e. Jeden z vydavate\u013eov v report\u00e1\u017ei RTVS vtedy povedal, \u017ee posielal \u201ebal\u00edk dodac\u00edch listov kuri\u00e9rnou po\u0161tou, oni to neotvorili a kuri\u00e9rnou po\u0161tou to poslali sp\u00e4\u0165\u201c.\u00a0Z\u00e1rove\u0148 sa v\u0161ak knihy st\u00e1le pred\u00e1vali v sieti kn\u00edhkupectiev, ktor\u00e1 bola najprv dc\u00e9rskou spolo\u010dnos\u0165ou TK Belimex, a potom ju necel\u00fd rok vlastnili Taraba a Ko\u0161\u010d ako fyzick\u00e9 osoby. Jej majite\u013emi sa stali po spornom prevode obchodn\u00fdch podielov, ktor\u00fd sa nesk\u00f4r sna\u017eili spochybni\u0165 vydavate\u013estv\u00e1 aj konkurzn\u00fd spr\u00e1vca.\u00a0B\u00fdval\u00e1 dlhoro\u010dn\u00e1 zamestnanky\u0148a, ktor\u00e1 si ne\u017eelala by\u0165 menovan\u00e1, n\u00e1m op\u00edsala, ako nov\u00fd mana\u017ement TK Belimex takpovediac zo d\u0148a na de\u0148 prepustil cel\u00e9 ekonomick\u00e9 oddelenie. \u201eBolo to za f\u00e9rov\u00fdch podmienok, vyplatili n\u00e1m aj odstupn\u00e9,\u201c hovor\u00ed.\u00a0Pre Denn\u00edk E hovor\u00ed, \u017ee predt\u00fdm to bola norm\u00e1lne funguj\u00faca firma, ktorej z\u00e1le\u017ealo na spolupr\u00e1ci s\u00a0vydavate\u013emi a\u00a0na v\u010dasnom uhr\u00e1dzan\u00ed fakt\u00far. \u201eNov\u00ed majitelia jej \u00faplne pokazili meno, \u017ee sa a\u017e mus\u00edm hanbi\u0165 za to, \u017ee som tam pracovala.\u201c<\/p>\n<p><em>\u0160es\u0165mili\u00f3nov\u00e9 z\u00e1v\u00e4zky, zanedbate\u013en\u00fd majetok<\/em><\/p>\n<p>Do konkurzu poslal TK Belimex vydavate\u013e Maren\u010din v apr\u00edli 2013. Belimex zmenil n\u00e1zov na TLP Media plus a pok\u00fasil sa o re\u0161trukturaliz\u00e1ciu, \u010di\u017ee o oddl\u017eenie pod ochranou s\u00fadov, ale napokon aj tak zbankrotoval. Do konkurzu sa postupne prihl\u00e1silo okolo 170 verite\u013eov s poh\u013ead\u00e1vkami vo v\u00fd\u0161ke viac ne\u017e 6 mili\u00f3nov eur.\u00a0Majetok bol oproti tejto sume zanedbate\u013en\u00fd, v hodnote do 200-tis\u00edc eur a tvorili ho najm\u00e4 skladovan\u00e9 knihy, r\u00f4zne skladov\u00e9 zariadenia, po\u010d\u00edta\u010de \u010di vozidl\u00e1.\u00a0Konkurzn\u00fd spr\u00e1vca Marek Letkovsk\u00fd teraz pre Denn\u00edk E hovor\u00ed, \u017ee frustr\u00e1ciu vydavate\u013eov z pr\u00edpadu Belimex ch\u00e1pe. \u201eNieko\u013eko rokov som sa s \u0148ou na takmer dennej b\u00e1ze stret\u00e1val.\u201c\u00a0Na z\u00e1klade podkladov z konkurzu a od vydavate\u013eov podal \u017ealobu priamo na Tarabu a Ko\u0161\u010da.\u00a0Argumentoval, \u017ee obaja u\u0161kodili verite\u013eom firmy, ke\u010f na seba v j\u00fali 2012 previedli obchodn\u00fd podiel v esero\u010dke TK Libri. I\u0161lo o spom\u00ednan\u00fa sie\u0165 okolo 35 maloobchodn\u00fdch predajn\u00ed po celom Slovensku, ktor\u00e1 rok predt\u00fdm prevzala kn\u00edhkupectv\u00e1 Ikar, Modul, Mar\u010dan a Belmart.\u00a0O\u00a0odst\u00fapen\u00ed podielov vo v\u00fd\u0161ke 208-tis\u00edc eur pre ka\u017ed\u00e9ho z\u00a0nich rozhodli ako jedin\u00ed spolo\u010dn\u00edci a\u00a0\u010dlenovia \u0161tatut\u00e1rneho org\u00e1nu TK Belimex, \u201eteda o\u00a0tomto \u00fakone \u00fapadcu nemala vedomos\u0165 \u017eiadna in\u00e1 osoba,\u201c p\u00ed\u0161e sa v\u00a0<a href=\"https:\/\/www.justice.gov.sk\/sudy-a-rozhodnutia\/sudy\/rozhodnutia\/70d272ff-258c-4adf-b0f8-d77ffd9e3876:21931216-e75c-46e3-bfff-655c77fdb83a\" target=\"_blank\" rel=\"noopener\">rozsudku<\/a>\u00a0z\u00a0roku 2019.<\/p>\n<p><em>Spr\u00e1vca \u017eiadal, aby peniaze vr\u00e1tili.<\/em><\/p>\n<p>S\u00fadny spor rozhodol v\u00a0prospech Tarabu a\u00a0Ko\u0161\u010da sudca Vladim\u00edr Sklenka, ktor\u00fd je\u00a0<a href=\"https:\/\/dennikn.sk\/2256478\/na-uplatkoch-zobral-vyse-170-tisic-eur-teraz-sa-kocnerov-vybavovac-sklenka-sudi-o-14-sudcovsky-plat\/?ref=inc\" target=\"_blank\" rel=\"noopener\">zn\u00e1my najm\u00e4 t\u00fdm<\/a>, \u017ee bral \u00faplatky od Mari\u00e1na Ko\u010dnera za vybavovanie rozhodnut\u00ed, k \u010domu sa aj priznal. Sklenka sa stal nesk\u00f4r k\u013e\u00fa\u010dov\u00fdm svedkom v justi\u010dn\u00fdch korup\u010dn\u00fdch kauz\u00e1ch B\u00farka a V\u00edchrica.\u00a0<a href=\"https:\/\/dennikn.sk\/3683370\/kosc-odkryl-fungovanie-za-ery-smeru-vedel-o-zlocinoch-s-kovacikom-sedel-doma-na-terase-aj-v-biliardovom-klube\/?ref=inc\" target=\"_blank\" rel=\"noopener\">Ob\u017ealoba Ko\u0161\u010da\u00a0<\/a>sa takisto t\u00fdka korupcie. Pod\u013ea jedn\u00e9ho zo svedkov mal Ko\u0161\u010d podplati\u0165 b\u00fdval\u00e9ho \u0161peci\u00e1lneho prokur\u00e1tora Du\u0161ana Kov\u00e1\u010dika, aby ututlal dva vy\u0161etrovan\u00e9 pr\u00edpady. Ko\u0161\u010d aj Kov\u00e1\u010dik to odmietaj\u00fa.\u00a0V rozsudku v prospech Tarabu a Ko\u0161\u010da v kauze Belimex Sklenka tvrdil, \u017ee \u201enapadnut\u00fdmi pr\u00e1vnymi \u00fakonmi nedo\u0161lo \u017eiadnym sp\u00f4sobom k zmen\u0161eniu majetku\u201c firmy a \u201emala dostatok majetku na uspokojenie poh\u013ead\u00e1vok svojich verite\u013eov.. nemohlo d\u00f4js\u0165 k ich ukr\u00e1teniu\u201c.\u00a0Po\u010das procesu spr\u00e1vca Letkovsk\u00fd poukazoval na nezrovnalosti vo zverejnen\u00fdch \u00fa\u010dtovn\u00fdch dokumentoch TK Belimex, a na to, \u017ee v nich nebol zaznamenan\u00fd ani samotn\u00fd prevod obchodn\u00fdch podielov.\u00a0Bol to pod\u013ea neho d\u00f4kaz, \u017ee \u201eso s\u00favahou mohlo by\u0165 \u00fa\u010delovo manipulovan\u00e9 a evidentne s\u00favaha nekore\u0161ponduje so skuto\u010dn\u00fdm stavom,\u201c tvrdil. Napadnut\u00e9 \u00fakony pod\u013ea neho akciov\u00fa spolo\u010dnos\u0165 \u201emajetkovo po\u0161kodili a ukr\u00e1tili tak verite\u013eov\u201c.\u00a0Napokon to vydavatelia, ktor\u00fdm Belimex dlhoval peniaze, vzdali. Verite\u013esk\u00fd v\u00fdbor sa pod\u013ea spr\u00e1vcu nechcel vo\u010di rozsudku odvola\u0165. Konkurz bol v roku 2020 zru\u0161en\u00fd pre nedostatok majetku. \u010cas\u0165 svojich pe\u0148az\u00ed dostali nasp\u00e4\u0165 len dvaja zabezpe\u010den\u00ed veritelia.\u00a0\u201e\u010co sa t\u00fdka merit\u00f3rneho v\u00fdsledku samotn\u00e9ho s\u00fadneho konania, ako ob\u010dan Slovenska, o to viac ako pr\u00e1vnik, som povinn\u00fd ho re\u0161pektova\u0165. M\u00e1m aj svoj s\u00fakromn\u00fd n\u00e1zor na dan\u00fd prevod obchodn\u00fdch podielov, ktor\u00fd sa ani po vydan\u00ed tohto rozsudku nezmenil,\u201c hodnot\u00ed sp\u00e4tne Letkovsk\u00fd.\u00a0Dodal, \u017ee v\u00a0roku 2014 bolo veden\u00e9 aj trestn\u00e9 konanie pre podozrenie z\u00a0trestn\u00e9ho \u010dinu podvodu, pri ktorom ako spr\u00e1vca poskytoval s\u00fa\u010dinnos\u0165. Z\u00a0pol\u00edcie n\u00e1m potvrdili, \u017ee trestn\u00e9 ozn\u00e1menie bolo odmietnut\u00e9 ako ned\u00f4vodn\u00e9.<\/p>\n<p><em>Dnes u\u017e m\u00e1 pod palcom miliardy eur<\/em><\/p>\n<p>Vydavate\u013eom sa napokon podarilo z\u00edska\u0165 sp\u00e4\u0165 aspo\u0148 \u010das\u0165 zadr\u017eiavan\u00fdch kn\u00edh, s finan\u010dn\u00fdmi stratami sa v\u0161ak museli vyrovna\u0165 po svojom.\u00a0\u201eDodnes je to pre m\u0148a ako vydavate\u013ea mementom ako mo\u017eno ,podnika\u0165\u2018 na Slovensku aj v \u010dinnostiach, ktor\u00e9 sa t\u00fdkaj\u00fa kn\u00edh, \u010di\u017ee n\u00e1\u0161ho kult\u00farneho dedi\u010dstva,\u201c hovor\u00ed Daniel Koll\u00e1r z vydavate\u013estva Dajama.\u00a0Mat\u00fa\u0161 Ml\u00e1dek z Aurory je v\u0161ak skeptick\u00fd, \u017ee by skupina TK Groupe na tejto invest\u00edcii re\u00e1lne zarobila, a ve\u013emi sa mu tie\u017e nezd\u00e1, \u017ee mohli Belimex s jej ukryt\u00fdmi m\u00ednami zachr\u00e1ni\u0165.\u00a0\u201eMiesto toho, aby sa ich postupne zbavili, pr\u00edpadne deaktivovali, tak ich jednu po druhej pod sebou odpa\u013eovali,\u201c zhodnotil Ml\u00e1dek.\u00a0Pre kni\u017en\u00fd trh to pod\u013ea neho nebolo \u00faplne ne\u0161tandardn\u00e9, ke\u010f\u017ee v tom obdob\u00ed skrachovalo viacero distribu\u010dno-kn\u00edhkupeck\u00fdch spolo\u010dnost\u00ed. Bankrot Belimexu bol v\u0161ak pre vydavate\u013eov hor\u0161\u00ed v tom, \u017ee i\u0161lo o najv\u00e4\u010d\u0161ieho distrib\u00fatora kn\u00edh na trhu, hovor\u00ed Ml\u00e1dek.\u00a0\u010ciasto\u010dne d\u00e1va za pravdu Tarabovi, ktor\u00fd po vstupe do politiky v\u00a0m\u00e9di\u00e1ch kauzu\u00a0<a href=\"https:\/\/www.aktuality.sk\/clanok\/875837\/sef-kuffovcov-taraba-firma-s-exsiskarom-milionovy-majetok-pozemky-s-kontroverznym-trajterom\/\" target=\"_blank\" rel=\"noopener\">prezentoval<\/a>\u00a0ako paniku na trhu, sp\u00f4soben\u00fa zm\u00e4tkami v\u00a0skladovom syst\u00e9me firmy. \u201eKe\u010f\u017ee tovar bol v\u00a0komision\u00e1lnom predaji, pri jeho vracan\u00ed to u\u017e aj pre absenciu relevantnej skladovej dokument\u00e1cie nabralo chaotick\u00e9 rozmery.\u201c\u00a0B\u00fdval\u00e1 zamestnanky\u0148a oponuje, \u017ee po\u010das jej p\u00f4sobenia robili pravideln\u00e9 invent\u00fary a\u00a0kontrolovali aj po\u010dty kn\u00edh.<\/p>\n<p><em>Taraba sa k\u00a0ot\u00e1zkam Denn\u00edka E nevyjadril.<\/em><\/p>\n<p>T\u00e9ma medzi vydavate\u013emi op\u00e4\u0165 o\u017eila, ke\u010f sa o Tarabovi hovorilo ako o bud\u00facom ministrovi kult\u00fary.\u00a0\u00a0\u201ePre zachovanie du\u0161evn\u00e9ho zdravia sa sna\u017e\u00edm u\u017e na to zl\u00e9 nemyslie\u0165. Naj\u00fasmevnej\u0161ie pre m\u0148a bolo len vidie\u0165, ako p\u00e1n Taraba v\u0161etk\u00fdch presvied\u010da, \u017ee s p\u00e1nom Ko\u0161\u010dom ni\u010d nem\u00e1, hoci spolu podnikali v to\u013ek\u00fdch firm\u00e1ch,\u201c hovor\u00ed \u0161\u00e9f Slovartu Juraj Heger.\u00a0Pre Alberta Maren\u010dina je \u201esp\u00e1sonosn\u00e9\u201c pripom\u00edna\u0165, \u017ee minister Taraba s Ko\u0161\u010dom \u201epo\u0161kodili desiatky nez\u00e1visl\u00fdch kn\u00edhkupcov a vydavate\u013eov a sp\u00f4sobili kr\u00edzu na kni\u017enom trhu\u201c.\u00a0\u201eKni\u017en\u00fd trh m\u00e1 obrat okolo 110 mili\u00f3nov eur, dnes Taraba \u0161\u00e9fuje ministerstvu s\u00a0rozpo\u010dtom nieko\u013eko mili\u00e1rd eur,\u201c dodal.<\/p>\n<p><a href=\"https:\/\/e.dennikn.sk\/3817567\/v-podnikatelskom-pribehu-tarabu-hral-hlavnu-ulohu-dnes-obzalovany-kosc-a-krach-kniznej-firmy-belimex\/\" target=\"_blank\" rel=\"noopener\"><img loading=\"lazy\" decoding=\"async\" class=\"aligncenter wp-image-10268 size-full\" src=\"https:\/\/zvks.sk\/wp-content\/uploads\/2024\/02\/TT_foto_dE.jpg\" alt=\"\" width=\"2448\" height=\"1632\" srcset=\"https:\/\/zvks.sk\/wp-content\/uploads\/2024\/02\/TT_foto_dE.jpg 2448w, https:\/\/zvks.sk\/wp-content\/uploads\/2024\/02\/TT_foto_dE-1280x853.jpg 1280w, https:\/\/zvks.sk\/wp-content\/uploads\/2024\/02\/TT_foto_dE-980x653.jpg 980w, https:\/\/zvks.sk\/wp-content\/uploads\/2024\/02\/TT_foto_dE-480x320.jpg 480w\" sizes=\"(min-width: 0px) and (max-width: 480px) 480px, (min-width: 481px) and (max-width: 980px) 980px, (min-width: 981px) and (max-width: 1280px) 1280px, (min-width: 1281px) 2448px, 100vw\" \/><\/a><\/p>","protected":false},"excerpt":{"rendered":"<p>V podnikate\u013eskom pr\u00edbehu Tarabu hral hlavn\u00fa \u00falohu dnes ob\u017ealovan\u00fd Ko\u0161\u010d a krach kni\u017enej firmy Belimex. . Z firiem Tom\u00e1\u0161a Tarabu dosahovali najvy\u0161\u0161ie tr\u017eby tie, ktor\u00e9 robili biznis s knihami a so str\u00e1\u017enymi slu\u017ebami. . V\u00e4\u010d\u0161inu jeho kari\u00e9ry mu bol k\u013e\u00fa\u010dov\u00fdm obchodn\u00fdm partnerom Peter Ko\u0161\u010d, ktor\u00fd je ob\u017ealovan\u00fd z podpl\u00e1cania a pred s\u00fadmi sa skr\u00fdva v [&hellip;]<\/p>\n","protected":false},"author":7,"featured_media":0,"comment_status":"closed","ping_status":"closed","sticky":false,"template":"","format":"gallery","meta":{"_et_pb_use_builder":"","_et_pb_old_content":"","_et_gb_content_width":"","footnotes":""},"categories":[79],"tags":[],"class_list":["post-10260","post","type-post","status-publish","format-gallery","hentry","category-79","post_format-post-format-gallery"],"_links":{"self":[{"href":"https:\/\/zvks.sk\/en\/wp-json\/wp\/v2\/posts\/10260","targetHints":{"allow":["GET"]}}],"collection":[{"href":"https:\/\/zvks.sk\/en\/wp-json\/wp\/v2\/posts"}],"about":[{"href":"https:\/\/zvks.sk\/en\/wp-json\/wp\/v2\/types\/post"}],"author":[{"embeddable":true,"href":"https:\/\/zvks.sk\/en\/wp-json\/wp\/v2\/users\/7"}],"replies":[{"embeddable":true,"href":"https:\/\/zvks.sk\/en\/wp-json\/wp\/v2\/comments?post=10260"}],"version-history":[{"count":10,"href":"https:\/\/zvks.sk\/en\/wp-json\/wp\/v2\/posts\/10260\/revisions"}],"predecessor-version":[{"id":11926,"href":"https:\/\/zvks.sk\/en\/wp-json\/wp\/v2\/posts\/10260\/revisions\/11926"}],"wp:attachment":[{"href":"https:\/\/zvks.sk\/en\/wp-json\/wp\/v2\/media?parent=10260"}],"wp:term":[{"taxonomy":"category","embeddable":true,"href":"https:\/\/zvks.sk\/en\/wp-json\/wp\/v2\/categories?post=10260"},{"taxonomy":"post_tag","embeddable":true,"href":"https:\/\/zvks.sk\/en\/wp-json\/wp\/v2\/tags?post=10260"}],"curies":[{"name":"wp","href":"https:\/\/api.w.org\/{rel}","templated":true}]}}