{"id":5279,"date":"2020-08-16T18:40:19","date_gmt":"2020-08-16T16:40:19","guid":{"rendered":"https:\/\/zvks.sk\/?p=5279"},"modified":"2023-03-24T12:44:34","modified_gmt":"2023-03-24T11:44:34","slug":"stretnutie-s-ministerkou-n-milanova","status":"publish","type":"post","link":"https:\/\/zvks.sk\/en\/stretnutie-s-ministerkou-n-milanova\/","title":{"rendered":"MK SR &#8211; N.Milanov\u00e1"},"content":{"rendered":"<p><strong><img loading=\"lazy\" decoding=\"async\" class=\"alignleft wp-image-4766 size-medium\" src=\"https:\/\/zvks.sk\/wp-content\/uploads\/2018\/07\/2017_MKSR_LOGOTYP_SK_F-300x129.png\" alt=\"\" width=\"300\" height=\"129\" \/><br \/>\n<\/strong>\u201eVzdelanie sa za\u010d\u00edna \u010d\u00edtan\u00edm\u201c<\/p>\n<p>T\u00fdmito slovami sa ministerke kult\u00fary Nat\u00e1lii Milanovej prihovorili predstavitelia Zdru\u017eenia vydavate\u013eov a kn\u00edhkupcov SR na<span class=\"text_exposed_show\"> stretnut\u00ed ktor\u00e9 sa uskuto\u010dnilo d\u0148a 13.8.2020.<\/span><\/p>\n<p>&nbsp;<\/p>\n<p>Spolo\u010dne sa zhodli na tom, \u017ee \u010ditate\u013eov je potrebn\u00e9 vychov\u00e1va\u0165 odmali\u010dka a vzbudzova\u0165 v nich z\u00e1ujem o literat\u00faru. Ministerke predstavili viacer\u00e9 opatrenia, ktor\u00e9 m\u00f4\u017eu pom\u00f4c\u0165 kni\u017en\u00e9mu sektoru, \u010di u\u017e ide o v\u0161eobecn\u00fa propag\u00e1ciu \u010d\u00edtania, zmeny v legislat\u00edve alebo zjednotenie \u00fapravy pre klasick\u00e9 knihy, e-knihy a audioknihy.<br \/>\nZ\u00e1stupcovia Zdru\u017eenia z\u00e1rove\u0148 ocenili doteraj\u0161ie kroky ministerstva, obzvl\u00e1\u0161\u0165 zn\u00ed\u017eenie z\u00e1\u0165a\u017ee v oblasti povinn\u00fdch v\u00fdtla\u010dkov pre kni\u017enice a povinn\u00fdch pr\u00edspevkov do umeleck\u00fdch fondov.<\/p>\n<p><img loading=\"lazy\" decoding=\"async\" class=\"aligncenter wp-image-5280\" src=\"https:\/\/zvks.sk\/wp-content\/uploads\/2020\/08\/MK-SR_stretnutie.jpg\" alt=\"\" width=\"1920\" height=\"1934\" srcset=\"https:\/\/zvks.sk\/wp-content\/uploads\/2020\/08\/MK-SR_stretnutie.jpg 1920w, https:\/\/zvks.sk\/wp-content\/uploads\/2020\/08\/MK-SR_stretnutie-480x484.jpg 480w\" sizes=\"(min-width: 0px) and (max-width: 480px) 480px, (min-width: 481px) 1920px, 100vw\" \/><\/p>\n<p>Zdroj: MK SR, tla\u010dov\u00e9 oddelenie<\/p>","protected":false},"excerpt":{"rendered":"<p>\u201eVzdelanie sa za\u010d\u00edna \u010d\u00edtan\u00edm\u201c T\u00fdmito slovami sa ministerke kult\u00fary Nat\u00e1lii Milanovej prihovorili predstavitelia Zdru\u017eenia vydavate\u013eov a kn\u00edhkupcov SR na stretnut\u00ed ktor\u00e9 sa uskuto\u010dnilo d\u0148a 13.8.2020. &nbsp; Spolo\u010dne sa zhodli na tom, \u017ee \u010ditate\u013eov je potrebn\u00e9 vychov\u00e1va\u0165 odmali\u010dka a vzbudzova\u0165 v nich z\u00e1ujem o literat\u00faru. Ministerke predstavili viacer\u00e9 opatrenia, ktor\u00e9 m\u00f4\u017eu pom\u00f4c\u0165 kni\u017en\u00e9mu sektoru, \u010di u\u017e [&hellip;]<\/p>\n","protected":false},"author":7,"featured_media":0,"comment_status":"closed","ping_status":"closed","sticky":false,"template":"","format":"gallery","meta":{"_et_pb_use_builder":"","_et_pb_old_content":"","_et_gb_content_width":"","footnotes":""},"categories":[69],"tags":[],"class_list":["post-5279","post","type-post","status-publish","format-gallery","hentry","category-69","post_format-post-format-gallery"],"_links":{"self":[{"href":"https:\/\/zvks.sk\/en\/wp-json\/wp\/v2\/posts\/5279","targetHints":{"allow":["GET"]}}],"collection":[{"href":"https:\/\/zvks.sk\/en\/wp-json\/wp\/v2\/posts"}],"about":[{"href":"https:\/\/zvks.sk\/en\/wp-json\/wp\/v2\/types\/post"}],"author":[{"embeddable":true,"href":"https:\/\/zvks.sk\/en\/wp-json\/wp\/v2\/users\/7"}],"replies":[{"embeddable":true,"href":"https:\/\/zvks.sk\/en\/wp-json\/wp\/v2\/comments?post=5279"}],"version-history":[{"count":11,"href":"https:\/\/zvks.sk\/en\/wp-json\/wp\/v2\/posts\/5279\/revisions"}],"predecessor-version":[{"id":8695,"href":"https:\/\/zvks.sk\/en\/wp-json\/wp\/v2\/posts\/5279\/revisions\/8695"}],"wp:attachment":[{"href":"https:\/\/zvks.sk\/en\/wp-json\/wp\/v2\/media?parent=5279"}],"wp:term":[{"taxonomy":"category","embeddable":true,"href":"https:\/\/zvks.sk\/en\/wp-json\/wp\/v2\/categories?post=5279"},{"taxonomy":"post_tag","embeddable":true,"href":"https:\/\/zvks.sk\/en\/wp-json\/wp\/v2\/tags?post=5279"}],"curies":[{"name":"wp","href":"https:\/\/api.w.org\/{rel}","templated":true}]}}