{"id":8234,"date":"2023-02-22T23:19:22","date_gmt":"2023-02-22T22:19:22","guid":{"rendered":"https:\/\/zvks.sk\/?p=8234"},"modified":"2026-03-17T20:36:02","modified_gmt":"2026-03-17T19:36:02","slug":"tales-of-eukraine","status":"publish","type":"post","link":"https:\/\/zvks.sk\/en\/tales-of-eukraine\/","title":{"rendered":"TEUk Sum\u00e1r projektu"},"content":{"rendered":"<h6 style=\"text-align: left;\"><a href=\"https:\/\/zvks.sk\/wp-content\/uploads\/2023\/02\/TS_24.2.2023_Tales-of-EUkrajine.pdf\" target=\"_blank\" rel=\"noopener\">TLA\u010cOV\u00c1 SPR\u00c1VA<\/a><br \/>\n<a href=\"https:\/\/talesofeukraine.blogspot.com\/\" target=\"_blank\" rel=\"noopener\"><img loading=\"lazy\" decoding=\"async\" class=\"alignright wp-image-8210\" src=\"https:\/\/zvks.sk\/wp-content\/uploads\/2023\/02\/logo_Tales-of-EUkraine-black_full-300x144.png\" alt=\"\" width=\"110\" height=\"53\" \/><\/a><\/h6>\n<p style=\"text-align: center;\"><em>Eur\u00f3pske asoci\u00e1cie vydavate\u013eov a Ukrajinsk\u00fd kni\u017en\u00fd in\u0161tit\u00fat sp\u00fa\u0161\u0165aj\u00fa projekt Tales of EUkraine v Bologni.<\/em><br \/>\n<em>Projekt poskytne dvojjazy\u010dn\u00e9 knihy pre deti ukrajinsk\u00fdch ute\u010dencov v\u00a0Eur\u00f3pe.<\/em><\/p>\n<p>TEUk je projekt spolufinancovan\u00fd z programu Eur\u00f3pskej komisie Kreat\u00edvna Eur\u00f3pa (101100131 &#8211; CREA-CULT-2022-COOP-2), ktor\u00e9ho cie\u013eom je tla\u010di\u0165 a distribuova\u0165 dvojjazy\u010dn\u00e9 vydania detsk\u00fdch kn\u00edh ukrajinsk\u00fdm de\u0165om vys\u00eddlen\u00fdm vo viacer\u00fdch eur\u00f3pskych krajin\u00e1ch. Pre eur\u00f3pskych vydavate\u013eov je to pr\u00edle\u017eitos\u0165 podpori\u0165 svojich ukrajinsk\u00fdch kolegov a prejavi\u0165 solidaritu s najzranite\u013enej\u0161\u00edmi obe\u0165ami konfliktu t\u00fdm, \u017ee bud\u00fa robi\u0165 to, \u010do vedia najlep\u0161ie: vyd\u00e1va\u0165 knihy.<\/p>\n<p><em>Ricardo Franco Levi<\/em>, prezident Feder\u00e1cie eur\u00f3pskych vydavate\u013eov a Asoci\u00e1cie talianskych vydavate\u013eov, vyhl\u00e1sil: \u201eOd za\u010diatku ruskej agresie na Ukrajine prejavuj\u00fa eur\u00f3pski vydavatelia solidaritu so svojimi ukrajinsk\u00fdmi kolegami. Sme v\u010fa\u010dn\u00ed Eur\u00f3pskej komisii za uznanie hodnoty pre projekt Tales of EUkraine. V\u010faka TEUk bud\u00fa m\u00f4c\u0165 eur\u00f3pski vydavatelia na\u010falej pom\u00e1ha\u0165 ukrajinsk\u00fdm ute\u010dencom a z\u00e1rove\u0148 podporova\u0165 obnovu na Ukrajine.\u201c<\/p>\n<p><em>Sonia Draga<\/em>, podpredsedn\u00ed\u010dka Feder\u00e1cie eur\u00f3pskych vydavate\u013eov a prezidentka Po\u013eskej komory kn\u00edh, zd\u00f4raznila kult\u00farny v\u00fdznam projektu: \u201eTEUk ukazuje solidaritu eur\u00f3pskych vydavate\u013eov s bojom Ukrajiny za demokraciu a slobodu prejavu. Knihy m\u00f4\u017eu zachova\u0165 ukrajinsk\u00fa kult\u00faru a slobodu pred \u00fadermi ruskej propagandy. Projekt Tales of EUkraine pom\u00f4\u017eu st\u00e1tis\u00edcom ukrajinsk\u00fdch det\u00ed udr\u017ea\u0165 si spojenie s ich domovinou a z\u00e1rove\u0148 sa integrova\u0165 v hostite\u013esk\u00fdch krajin\u00e1ch.\u201c<\/p>\n<p>TEUk vytvor\u00ed katal\u00f3g pr\u00e1v viac ako 100 ukrajinsk\u00fdch detsk\u00fdch kn\u00edh dostupn\u00fdch na n\u00e1kup na r\u00f4znych eur\u00f3pskych \u00fazemiach. S podporou svojich n\u00e1rodn\u00fdch zdru\u017een\u00ed m\u00f4\u017eu vydavatelia z\u00edska\u0165 pr\u00e1va na knihy a vyd\u00e1va\u0165 ich. Ich n\u00e1rodn\u00e9 asoci\u00e1cie vydavate\u013eov potom z\u00edskaj\u00fa podstatn\u00fa \u010das\u0165 tla\u010den\u00fdch v\u00fdtla\u010dkov s prispen\u00edm financi\u00ed z Kreat\u00edvnej Eur\u00f3py a bud\u00fa dohliada\u0165 na ich distrib\u00faciu, ktor\u00e1 sa bude opiera\u0165 o sie\u0165 mimovl\u00e1dnych organiz\u00e1ci\u00ed, verejn\u00fdch in\u0161tit\u00faci\u00ed a in\u00fdch subjektov.<\/p>\n<p style=\"text-align: left;\">Tales of EUkraine potrv\u00e1 tri roky, do okt\u00f3bra 2025. Partnermi zdru\u017een\u00ed vydavate\u013eov v projekte s\u00fa: <em>Asoci\u00e1cia talianskych vydavate\u013eov<\/em> \u2013 AIE, <em>Po\u013esk\u00e1 komora kn\u00edh<\/em> \u2013 PIK, <em>Zdru\u017eenie nemeck\u00fdch vydavate\u013eov a kn\u00edhkupcov<\/em> \u2013 BOEV, <em>Rumunsk\u00e1 asoci\u00e1cia vydavate\u013eov<\/em>\u00a0\u2013 AER, <em>Bulharsk\u00e1 kni\u017en\u00e1 asoci\u00e1cia<\/em>\u00a0\u2013 ABK a Zdru\u017eenie vydavate\u013eov a kn\u00edhkupcov Slovenska \u2013 ZVKS.<\/p>\n<p style=\"text-align: right;\">Brusel, 24. febru\u00e1r 2023<\/p>\n<p style=\"text-align: justify;\">Projekt vytvoril <a href=\"https:\/\/frankfurtrights.com\/Books\/BookRights\/7985?SelectedPageSize=20&amp;OrderBy=2&amp;BooksFilter=0\" target=\"_blank\" rel=\"noopener\">Katal\u00f3g 101 ukrajinsk\u00fdch detsk\u00fdch kn\u00edh<\/a> ktor\u00fdch pr\u00e1va bud\u00fa spr\u00edstupnen\u00e9 na licencovanie nieko\u013ek\u00fdm vydavate\u013eom z r\u00f4znych \u010dlensk\u00fdch \u0161t\u00e1tov E\u00da. Vydavatelia pod koordin\u00e1ciou a doh\u013eadom zapojen\u00fdch n\u00e1rodn\u00fdch asoci\u00e1ci\u00ed z\u00edskaj\u00fa pr\u00e1va na knihy, prelo\u017eia ich a vydaj\u00fa dvojjazy\u010dne v ukrajin\u010dine a jazyku z\u00fa\u010dastnenej krajiny. TEUk o\u010dak\u00e1va vytla\u010denie 300 000 kn\u00edh. Katal\u00f3g je uverejnen\u00fd na platforme\u00a0<a href=\"https:\/\/frankfurtrights.com\/portal\/tales-of-eukraine\" target=\"_blank\" rel=\"noopener\">Frankfurt Rights<\/a>, je to <span class=\"TextRun SCXW238045012 BCX0\" lang=\"EN-US\" xml:lang=\"EN-US\" data-contrast=\"none\"><span class=\"NormalTextRun SCXW238045012 BCX0\" data-ccp-parastyle=\"heading 1\">popredn\u00e1 <\/span><\/span><span class=\"TextRun SCXW238045012 BCX0\" lang=\"EN-US\" xml:lang=\"EN-US\" data-contrast=\"none\"><span class=\"NormalTextRun SCXW238045012 BCX0\" data-ccp-parastyle=\"heading 1\">online\u00a0<\/span><\/span><span class=\"TextRun SCXW238045012 BCX0\" lang=\"EN-US\" xml:lang=\"EN-US\" data-contrast=\"none\"><span class=\"NormalTextRun SCXW238045012 BCX0\" data-ccp-parastyle=\"heading 1\">platforma pre n\u00e1kup a predaj pr\u00e1v na medzin\u00e1rodnej \u00farovni, <\/span><\/span><span class=\"TextRun SCXW238045012 BCX0\" lang=\"EN-US\" xml:lang=\"EN-US\" data-contrast=\"none\"><span class=\"NormalTextRun SCXW238045012 BCX0\" data-ccp-parastyle=\"heading 1\">ktor\u00e1 <\/span><\/span><span class=\"TextRun SCXW238045012 BCX0\" lang=\"EN-US\" xml:lang=\"EN-US\" data-contrast=\"none\"><span class=\"NormalTextRun SCXW238045012 BCX0\" data-ccp-parastyle=\"heading 1\"><span class=\"TextRun SCXW153948912 BCX0\" lang=\"EN-US\" xml:lang=\"EN-US\" data-contrast=\"auto\"><span class=\"NormalTextRun SCXW153948912 BCX0\">umo\u017e\u0148uje komunik\u00e1ciu, zdie\u013eanie inform\u00e1ci\u00ed a<\/span><\/span><\/span><\/span><span class=\"TextRun SCXW238045012 BCX0\" lang=\"EN-US\" xml:lang=\"EN-US\" data-contrast=\"none\"><span class=\"NormalTextRun SCXW238045012 BCX0\" data-ccp-parastyle=\"heading 1\"> transakcie medzi kupuj\u00facimi a predajcami pr\u00e1v, \u010do <\/span><\/span><span class=\"TextRun SCXW238045012 BCX0\" lang=\"EN-US\" xml:lang=\"EN-US\" data-contrast=\"none\"><span class=\"NormalTextRun SCXW238045012 BCX0\" data-ccp-parastyle=\"heading 1\"><span class=\"TextRun SCXW153948912 BCX0\" lang=\"EN-US\" xml:lang=\"EN-US\" data-contrast=\"auto\"><span class=\"NormalTextRun SCXW153948912 BCX0\">umo\u017e\u0148uje vydavate\u013eom efekt\u00edvnej\u0161ie sa s\u00fastredi\u0165 na vz\u0165ahy a obsah.<\/span><\/span><\/span><\/span><\/p>\n<p style=\"text-align: right;\">Bologna, 6. marec 2023<\/p>\n<p style=\"text-align: justify;\"><span style=\"color: #000000;\">Do projektu TEUk sa v r\u00e1mci \u010dlenstva v ZVKS zapojili vydavate\u013estvo <\/span><span style=\"color: #000000;\"><a href=\"https:\/\/www.buvik.sk\/\" target=\"_blank\" rel=\"noopener\">Buvik, <\/a>vydavate\u013estvo <a href=\"https:\/\/dajamabooks.sk\/\" target=\"_blank\" rel=\"noopener\">Dajama<\/a>, v<\/span><span style=\"color: #000000;\">ydavatelstv\u00ed <a href=\"http:\/\/www.idealknihy.cz\/\" target=\"_blank\" rel=\"noopener\">Ide\u00e1l, <\/a>vydavate\u013estvo <\/span><span style=\"color: #000000;\"><a href=\"https:\/\/www.matys.sk\/\" target=\"_blank\" rel=\"noopener\">Matys <\/a>a Imprint.<\/span><\/p>\n<p style=\"text-align: right;\"><span style=\"color: #000000;\">Bratislava, 24. apr\u00edl 2023<\/span><\/p>\n<p><span style=\"color: #000000;\">Inform\u00e1cia o projekte TEUk bola prezentovan\u00e1 na Valnom zhroma\u017eden\u00ed a 6. konferencii o kni\u017enom trhu, ktor\u00e9 sa konali v hoteli J\u00e1no\u0161\u00edk, Liptovsk\u00fd Mikul\u00e1\u0161.<\/span><\/p>\n<p style=\"text-align: right;\"><img loading=\"lazy\" decoding=\"async\" class=\"wp-image-9277 size-full alignright\" src=\"https:\/\/zvks.sk\/wp-content\/uploads\/2023\/02\/20230616_104114-scaled.jpg\" alt=\"\" width=\"2560\" height=\"2010\" srcset=\"https:\/\/zvks.sk\/wp-content\/uploads\/2023\/02\/20230616_104114-scaled.jpg 2560w, https:\/\/zvks.sk\/wp-content\/uploads\/2023\/02\/20230616_104114-1280x1005.jpg 1280w, https:\/\/zvks.sk\/wp-content\/uploads\/2023\/02\/20230616_104114-980x769.jpg 980w, https:\/\/zvks.sk\/wp-content\/uploads\/2023\/02\/20230616_104114-480x377.jpg 480w\" sizes=\"(min-width: 0px) and (max-width: 480px) 480px, (min-width: 481px) and (max-width: 980px) 980px, (min-width: 981px) and (max-width: 1280px) 1280px, (min-width: 1281px) 2560px, 100vw\" \/>L.Mikul\u00e1\u0161, 16. j\u00fan 2023<\/p>\n<p class=\"et_pb_slide_content\">Z katal\u00f3gu\u00a0<a href=\"https:\/\/frankfurtrights.com\/Books\/BookRights\/7985?SelectedPageSize=20&amp;OrderBy=2&amp;BooksFilter=0\" target=\"_blank\" rel=\"noopener\">101 ukrajinsk\u00fdch detsk\u00fdch kn\u00edh<\/a> si prv\u00ed zapojen\u00ed vydavatelia vybrali knihy, ktor\u00e9 vydaj\u00fa dvojjazy\u010dne v ukrajin\u010dine \u2013 sloven\u010dine a ukrajin\u010dine \u2013 \u010de\u0161tine, v\u010faka vydavate\u013estvu Ide\u00e1l z Prahy.<br \/>\n. Dajama\u00a0 <a href=\"https:\/\/frankfurtrights.com\/Books\/Details\/octopus-woman-18954236\" target=\"_blank\" rel=\"noopener\">Osmino\u017eka\u00a0<\/a><br \/>\n. Ide\u00e1l\u00a0 <a href=\"https:\/\/frankfurtrights.com\/Books\/Details\/the-world-around-us-19051970\" target=\"_blank\" rel=\"noopener\">Svet okolo n\u00e1s<\/a> a <a href=\"https:\/\/frankfurtrights.com\/Books\/Details\/the-world-around-us-19051970\" target=\"_blank\" rel=\"noopener\">Sv\u011bt kolem n\u00e1s<\/a><br \/>\n. Matys\u00a0 <a href=\"https:\/\/frankfurtrights.com\/Books\/Details\/guinea-pig-investigates-18968272\" target=\"_blank\" rel=\"noopener\">Detekt\u00edv Teo<\/a> a <a href=\"https:\/\/frankfurtrights.com\/Books\/Details\/trouble-teaches-19051971\" target=\"_blank\" rel=\"noopener\">Ako sa vrab\u010dek u\u010dil m\u00fadrosti ni\u017e\u0161ie<\/a><\/p>\n<p style=\"text-align: right;\"><img loading=\"lazy\" decoding=\"async\" class=\"aligncenter wp-image-12338 size-full\" src=\"https:\/\/zvks.sk\/wp-content\/uploads\/2023\/02\/TEUk4.jpg\" alt=\"\" width=\"1920\" height=\"1200\" srcset=\"https:\/\/zvks.sk\/wp-content\/uploads\/2023\/02\/TEUk4.jpg 1920w, https:\/\/zvks.sk\/wp-content\/uploads\/2023\/02\/TEUk4-1280x800.jpg 1280w, https:\/\/zvks.sk\/wp-content\/uploads\/2023\/02\/TEUk4-980x613.jpg 980w, https:\/\/zvks.sk\/wp-content\/uploads\/2023\/02\/TEUk4-480x300.jpg 480w\" sizes=\"(min-width: 0px) and (max-width: 480px) 480px, (min-width: 481px) and (max-width: 980px) 980px, (min-width: 981px) and (max-width: 1280px) 1280px, (min-width: 1281px) 1920px, 100vw\" \/>Bratislava, 15. september 2023<\/p>\n<p style=\"text-align: left;\"><span style=\"color: #000000;\">Panelov\u00e1 diskusia o projekte TEUk na 75. ro\u010dn\u00edku Frankfurter Buchmesse 2023, ako koordin\u00e1torka za ZVKS vyst\u00fapila Daniela Koll\u00e1rov\u00e1, vydavate\u013estvo Dajama.<\/span><\/p>\n<p style=\"text-align: right;\"><img loading=\"lazy\" decoding=\"async\" class=\"wp-image-9671 size-full alignright\" src=\"https:\/\/zvks.sk\/wp-content\/uploads\/2023\/02\/TEUk_Fra.jpg\" alt=\"\" width=\"1920\" height=\"1200\" srcset=\"https:\/\/zvks.sk\/wp-content\/uploads\/2023\/02\/TEUk_Fra.jpg 1920w, https:\/\/zvks.sk\/wp-content\/uploads\/2023\/02\/TEUk_Fra-1280x800.jpg 1280w, https:\/\/zvks.sk\/wp-content\/uploads\/2023\/02\/TEUk_Fra-980x613.jpg 980w, https:\/\/zvks.sk\/wp-content\/uploads\/2023\/02\/TEUk_Fra-480x300.jpg 480w\" sizes=\"(min-width: 0px) and (max-width: 480px) 480px, (min-width: 481px) and (max-width: 980px) 980px, (min-width: 981px) and (max-width: 1280px) 1280px, (min-width: 1281px) 1920px, 100vw\" \/>Frankfurt\/M, 19. okt\u00f3ber 2023<\/p>\n<p style=\"text-align: right;\"><img loading=\"lazy\" decoding=\"async\" class=\"aligncenter wp-image-9875 size-full\" src=\"https:\/\/zvks.sk\/wp-content\/uploads\/2023\/02\/TA3_.jpg\" alt=\"\" width=\"1916\" height=\"998\" srcset=\"https:\/\/zvks.sk\/wp-content\/uploads\/2023\/02\/TA3_.jpg 1916w, https:\/\/zvks.sk\/wp-content\/uploads\/2023\/02\/TA3_-1280x667.jpg 1280w, https:\/\/zvks.sk\/wp-content\/uploads\/2023\/02\/TA3_-980x510.jpg 980w, https:\/\/zvks.sk\/wp-content\/uploads\/2023\/02\/TA3_-480x250.jpg 480w\" sizes=\"(min-width: 0px) and (max-width: 480px) 480px, (min-width: 481px) and (max-width: 980px) 980px, (min-width: 981px) and (max-width: 1280px) 1280px, (min-width: 1281px) 1916px, 100vw\" \/><a href=\"https:\/\/www.ta3.com\/clanok\/914352\/ukrajinske-deti-budu-mat-lahsi-pristup-k-rodnej-literature-do-roku-2025-bude-na-slovensku-priblizne-10-tisic-dvojjazycnych-knih\" target=\"_blank\" rel=\"noopener\">TA3<\/a>\u00a0 \u00a0Bratislava, 7.december 2023<\/p>\n<p style=\"text-align: right;\"><img loading=\"lazy\" decoding=\"async\" class=\"aligncenter wp-image-9874 size-full\" src=\"https:\/\/zvks.sk\/wp-content\/uploads\/2023\/02\/rtvs.jpg\" alt=\"\" width=\"1860\" height=\"994\" srcset=\"https:\/\/zvks.sk\/wp-content\/uploads\/2023\/02\/rtvs.jpg 1860w, https:\/\/zvks.sk\/wp-content\/uploads\/2023\/02\/rtvs-1280x684.jpg 1280w, https:\/\/zvks.sk\/wp-content\/uploads\/2023\/02\/rtvs-980x524.jpg 980w, https:\/\/zvks.sk\/wp-content\/uploads\/2023\/02\/rtvs-480x257.jpg 480w\" sizes=\"(min-width: 0px) and (max-width: 480px) 480px, (min-width: 481px) and (max-width: 980px) 980px, (min-width: 981px) and (max-width: 1280px) 1280px, (min-width: 1281px) 1860px, 100vw\" \/><a href=\"https:\/\/www.rtvs.sk\/televizia\/archiv\/13986\/439918#2585\" target=\"_blank\" rel=\"noopener\">RTVS<\/a>\u00a0 \u00a0Bratislava, 12. december 2023<\/p>\n<p style=\"text-align: right;\"><img loading=\"lazy\" decoding=\"async\" class=\"aligncenter wp-image-10299 size-full\" src=\"https:\/\/zvks.sk\/wp-content\/uploads\/2023\/02\/SOS_UA_web.jpg\" alt=\"\" width=\"1280\" height=\"960\" srcset=\"https:\/\/zvks.sk\/wp-content\/uploads\/2023\/02\/SOS_UA_web.jpg 1280w, https:\/\/zvks.sk\/wp-content\/uploads\/2023\/02\/SOS_UA_web-980x735.jpg 980w, https:\/\/zvks.sk\/wp-content\/uploads\/2023\/02\/SOS_UA_web-480x360.jpg 480w\" sizes=\"(min-width: 0px) and (max-width: 480px) 480px, (min-width: 481px) and (max-width: 980px) 980px, (min-width: 981px) 1280px, 100vw\" \/>Bratislava, 16. febru\u00e1r 2024<\/p>\n<p class=\"et_pb_slide_content\" style=\"text-align: left;\">V roku 2024 si zapojen\u00ed vydavatelia vybrali z katal\u00f3gu <a href=\"https:\/\/frankfurtrights.com\/Books\/BookRights\/7985?SelectedPageSize=20&amp;OrderBy=2&amp;BooksFilter=0\" target=\"_blank\" rel=\"noopener\">101 ukrajinsk\u00fdch detsk\u00fdch kn\u00edh<\/a> tieto knihy<br \/>\n. Buvik\u00a0 <a href=\"https:\/\/frankfurtrights.com\/Books\/Details\/dad-and-i-are-going-to-space-19051942\" target=\"_blank\" rel=\"noopener\">Let\u00edme s ockom do vesm\u00edru<\/a><br \/>\n. Dajama\u00a0 <a href=\"https:\/\/frankfurtrights.com\/Books\/Details\/skovoroda-fables-18972277\" target=\"_blank\" rel=\"noopener\">Skovorodove b\u00e1jky<\/a> a <a href=\"https:\/\/frankfurtrights.com\/Books\/Details\/the-first-journey-18954816\" target=\"_blank\" rel=\"noopener\">I\u0161la My\u0161ka do sveta<\/a><br \/>\n. Imprint\u00a0 <a href=\"https:\/\/frankfurtrights.com\/Books\/Details\/kitty-and-sunny-18938365\" target=\"_blank\" rel=\"noopener\">Kitty a Sunny<\/a><\/p>\n<p class=\"et_pb_slide_content\" style=\"text-align: right;\"><img loading=\"lazy\" decoding=\"async\" class=\"aligncenter wp-image-12339 size-full\" src=\"https:\/\/zvks.sk\/wp-content\/uploads\/2023\/02\/TEUk8.jpg\" alt=\"\" width=\"1920\" height=\"1200\" srcset=\"https:\/\/zvks.sk\/wp-content\/uploads\/2023\/02\/TEUk8.jpg 1920w, https:\/\/zvks.sk\/wp-content\/uploads\/2023\/02\/TEUk8-1280x800.jpg 1280w, https:\/\/zvks.sk\/wp-content\/uploads\/2023\/02\/TEUk8-980x613.jpg 980w, https:\/\/zvks.sk\/wp-content\/uploads\/2023\/02\/TEUk8-480x300.jpg 480w\" sizes=\"(min-width: 0px) and (max-width: 480px) 480px, (min-width: 481px) and (max-width: 980px) 980px, (min-width: 981px) and (max-width: 1280px) 1280px, (min-width: 1281px) 1920px, 100vw\" \/>Bratislava, 15. apr\u00edl 2024<\/p>\n<p style=\"text-align: left;\">Medzi vydavate\u013emi sa na <a href=\"https:\/\/www.brakfestival.sk\/index.php?lang=sk\" target=\"_blank\" rel=\"noopener\">Bratislavskom kni\u017enom festivale<\/a> nach\u00e1dzal aj mal\u00fd st\u00e1nok projektu\u00a0<span class=\"html-span xdj266r x11i5rnm xat24cr x1mh8g0r xexx8yu x4uap5 x18d9i69 xkhd6sd x1hl2dhg x16tdsg8 x1vvkbs\"><a href=\"https:\/\/zvks.sk\/teuk-na-brak\/\" target=\"_blank\" rel=\"noopener\">Tales of EUkraine<\/a>,<\/span> na ktorom boli pripraven\u00e9 dvojjazy\u010dn\u00e9 detsk\u00e9 kni\u017eky, ktor\u00e9 si mohli n\u00e1v\u0161tevn\u00edci zobra\u0165 a podarova\u0165 ukrajinsk\u00fdm de\u0165om vo svojom okol\u00ed.<\/p>\n<p style=\"text-align: right;\"><img loading=\"lazy\" decoding=\"async\" class=\"alignnone wp-image-10871 size-full\" src=\"https:\/\/zvks.sk\/wp-content\/uploads\/2024\/05\/BRaK_letak_DK.png\" alt=\"\" width=\"1500\" height=\"1000\" srcset=\"https:\/\/zvks.sk\/wp-content\/uploads\/2024\/05\/BRaK_letak_DK.png 1500w, https:\/\/zvks.sk\/wp-content\/uploads\/2024\/05\/BRaK_letak_DK-1280x853.png 1280w, https:\/\/zvks.sk\/wp-content\/uploads\/2024\/05\/BRaK_letak_DK-980x653.png 980w, https:\/\/zvks.sk\/wp-content\/uploads\/2024\/05\/BRaK_letak_DK-480x320.png 480w\" sizes=\"(min-width: 0px) and (max-width: 480px) 480px, (min-width: 481px) and (max-width: 980px) 980px, (min-width: 981px) and (max-width: 1280px) 1280px, (min-width: 1281px) 1500px, 100vw\" \/>Bratislava, 3. j\u00fan 2024<\/p>\n<p style=\"text-align: left;\">Slovensk\u00fd in\u0161tit\u00fat v Prahe, Ve\u013evyslanectvo Slovenskej republiky v Prahe a Ve\u013evyslanectvo Ukrajiny v \u010ceskej republike spolo\u010dne pripravili pre deti a ich<a href=\"https:\/\/slovenskyinstitut.cz\/\" target=\"_blank\" rel=\"noopener\"><img loading=\"lazy\" decoding=\"async\" class=\"alignright wp-image-10814\" src=\"https:\/\/zvks.sk\/wp-content\/uploads\/2024\/05\/logo-SI-Praha.png\" sizes=\"(max-width: 70px) 100vw, 70px\" srcset=\"https:\/\/zvks.sk\/wp-content\/uploads\/2024\/05\/logo-SI-Praha.png 150w, https:\/\/zvks.sk\/wp-content\/uploads\/2024\/05\/logo-SI-Praha-11x12.png 11w, https:\/\/zvks.sk\/wp-content\/uploads\/2024\/05\/logo-SI-Praha-137x150.png 137w, https:\/\/zvks.sk\/wp-content\/uploads\/2024\/05\/logo-SI-Praha-22x24.png 22w, https:\/\/zvks.sk\/wp-content\/uploads\/2024\/05\/logo-SI-Praha-33x36.png 33w, https:\/\/zvks.sk\/wp-content\/uploads\/2024\/05\/logo-SI-Praha-44x48.png 44w\" alt=\"\" width=\"51\" height=\"56\" \/><\/a> rodi\u010dov oslavu Medzin\u00e1rodn\u00e9ho d\u0148a det\u00ed na ktorom sa uskuto\u010dnilo aj trojjazy\u010dn\u00e9 \u010d\u00edtanie z v\u00fdnimo\u010dnej detskej kni\u017eky <em>Svet okolo n\u00e1s<\/em>, ktor\u00e1 vy\u0161la v\u010faka vydavate\u013estvu Ide\u00e1l v dvoch dvojjazy\u010dn\u00fdch vydaniach, ukrajinsko-slovenskom a ukrajinsko-\u010deskom.<\/p>\n<p style=\"text-align: right;\"><span style=\"text-align: right;\"><img loading=\"lazy\" decoding=\"async\" class=\"alignnone wp-image-10813 size-full\" src=\"https:\/\/zvks.sk\/wp-content\/uploads\/2024\/05\/Pozvanka-MDD.png\" alt=\"\" width=\"1748\" height=\"1240\" srcset=\"https:\/\/zvks.sk\/wp-content\/uploads\/2024\/05\/Pozvanka-MDD.png 1748w, https:\/\/zvks.sk\/wp-content\/uploads\/2024\/05\/Pozvanka-MDD-1280x908.png 1280w, https:\/\/zvks.sk\/wp-content\/uploads\/2024\/05\/Pozvanka-MDD-980x695.png 980w, https:\/\/zvks.sk\/wp-content\/uploads\/2024\/05\/Pozvanka-MDD-480x341.png 480w\" sizes=\"(min-width: 0px) and (max-width: 480px) 480px, (min-width: 481px) and (max-width: 980px) 980px, (min-width: 981px) and (max-width: 1280px) 1280px, (min-width: 1281px) 1748px, 100vw\" \/>Praha, 7. j\u00fan 2024<\/span><\/p>\n<div class=\"xdj266r x11i5rnm xat24cr x1mh8g0r x1vvkbs x126k92a\">\n<div dir=\"auto\"><a href=\"https:\/\/www.facebook.com\/DCOSR\" target=\"_blank\" rel=\"noopener\">Dobrovo\u013en\u00e1 civiln\u00e1 ochrana<\/a> v r\u00e1mci svojich aktiv\u00edt rozdala rozpr\u00e1vkov\u00e9 kni\u017eky pre ukrajinsk\u00e9 deti do zariaden\u00ed ubytovania pre rodiny s de\u0165mi v Bratislave.<\/div>\n<\/div>\n<div class=\"x11i5rnm xat24cr x1mh8g0r x1vvkbs xtlvy1s x126k92a\">\n<div dir=\"auto\"><\/div>\n<\/div>\n<p style=\"text-align: right;\"><img loading=\"lazy\" decoding=\"async\" class=\"aligncenter wp-image-11036 size-full\" src=\"https:\/\/zvks.sk\/wp-content\/uploads\/2023\/02\/DCO_web.jpg\" alt=\"\" width=\"1600\" height=\"900\" srcset=\"https:\/\/zvks.sk\/wp-content\/uploads\/2023\/02\/DCO_web.jpg 1600w, https:\/\/zvks.sk\/wp-content\/uploads\/2023\/02\/DCO_web-1280x720.jpg 1280w, https:\/\/zvks.sk\/wp-content\/uploads\/2023\/02\/DCO_web-980x551.jpg 980w, https:\/\/zvks.sk\/wp-content\/uploads\/2023\/02\/DCO_web-480x270.jpg 480w\" sizes=\"(min-width: 0px) and (max-width: 480px) 480px, (min-width: 481px) and (max-width: 980px) 980px, (min-width: 981px) and (max-width: 1280px) 1280px, (min-width: 1281px) 1600px, 100vw\" \/>Bratislava, 16. j\u00fan 2024<\/p>\n<p><span class=\"html-span xexx8yu x4uap5 x18d9i69 xkhd6sd x1hl2dhg x16tdsg8 x1vvkbs x3nfvp2 x1j61x8r x1fcty0u xdj266r xat24cr xgzva0m xhhsvwb xxymvpz xlup9mm x1kky2od\">V <\/span>r\u00e1mci projektu <span class=\"html-span xdj266r x11i5rnm xat24cr x1mh8g0r xexx8yu x4uap5 x18d9i69 xkhd6sd x1hl2dhg x16tdsg8 x1vvkbs\"><span class=\"xt0psk2\">Tales of EUkraine<\/span><\/span> a v\u010faka vydavate\u013estvu <span class=\"html-span xdj266r x11i5rnm xat24cr x1mh8g0r xexx8yu x4uap5 x18d9i69 xkhd6sd x1hl2dhg x16tdsg8 x1vvkbs\"><a class=\"x1i10hfl xjbqb8w x1ejq31n xd10rxx x1sy0etr x17r0tee x972fbf xcfux6l x1qhh985 xm0m39n x9f619 x1ypdohk xt0psk2 xe8uvvx xdj266r x11i5rnm xat24cr x1mh8g0r xexx8yu x4uap5 x18d9i69 xkhd6sd x16tdsg8 x1hl2dhg xggy1nq x1a2a7pz x1sur9pj xkrqix3 x1fey0fg xo1l8bm\" tabindex=\"0\" role=\"link\" href=\"https:\/\/www.facebook.com\/VydavatelstvoBuvik?__cft__[0]=AZXJX3kwCcjqMRLKSodVHqUwfWCguZajz8RNVdsPbsX_PEhWXm3kRneg4Qr1TAEUY9lHKjGj0ExXtvN66DqaezGTTuW_ahYOlbFbpyHaG88jRzeJfJCwA6mAtcDcph52ILUmt-5Bx2u7eIWiJZToOHBrKKr0L3flz-vfQLp7vMbSCZZi9CX9jcNSROtyoLD3IbLyccn-Y0R-GXv0IUiKItIm&amp;__tn__=-]K-R\" target=\"_blank\" rel=\"noopener\"><span class=\"xt0psk2\">Buvik<\/span><\/a><\/span> boli dodan\u00e9 <span class=\"html-span xdj266r x11i5rnm xat24cr x1mh8g0r xexx8yu x4uap5 x18d9i69 xkhd6sd x1hl2dhg x16tdsg8 x1vvkbs\"><span class=\"xt0psk2\">Ve\u013evyslanectvu Ukrajiny v SR<\/span><\/span> nov\u00e9 slovensko-ukrajinsk\u00e9 kni\u017eky pre deti.<\/p>\n<p><img loading=\"lazy\" decoding=\"async\" class=\"aligncenter wp-image-11077 size-full\" src=\"https:\/\/zvks.sk\/wp-content\/uploads\/2023\/02\/TEUk_buvik.jpg\" alt=\"\" width=\"1920\" height=\"849\" srcset=\"https:\/\/zvks.sk\/wp-content\/uploads\/2023\/02\/TEUk_buvik.jpg 1920w, https:\/\/zvks.sk\/wp-content\/uploads\/2023\/02\/TEUk_buvik-1280x566.jpg 1280w, https:\/\/zvks.sk\/wp-content\/uploads\/2023\/02\/TEUk_buvik-980x433.jpg 980w, https:\/\/zvks.sk\/wp-content\/uploads\/2023\/02\/TEUk_buvik-480x212.jpg 480w\" sizes=\"(min-width: 0px) and (max-width: 480px) 480px, (min-width: 481px) and (max-width: 980px) 980px, (min-width: 981px) and (max-width: 1280px) 1280px, (min-width: 1281px) 1920px, 100vw\" \/><\/p>\n<p style=\"text-align: right;\">Bratislava, 25.j\u00fan 2024<\/p>\n<p style=\"text-align: right;\"><img loading=\"lazy\" decoding=\"async\" class=\"aligncenter wp-image-12327 size-full\" src=\"https:\/\/zvks.sk\/wp-content\/uploads\/2023\/02\/UA-institut_web_.jpg\" alt=\"\" width=\"1413\" height=\"901\" srcset=\"https:\/\/zvks.sk\/wp-content\/uploads\/2023\/02\/UA-institut_web_.jpg 1413w, https:\/\/zvks.sk\/wp-content\/uploads\/2023\/02\/UA-institut_web_-1280x816.jpg 1280w, https:\/\/zvks.sk\/wp-content\/uploads\/2023\/02\/UA-institut_web_-980x625.jpg 980w, https:\/\/zvks.sk\/wp-content\/uploads\/2023\/02\/UA-institut_web_-480x306.jpg 480w\" sizes=\"(min-width: 0px) and (max-width: 480px) 480px, (min-width: 481px) and (max-width: 980px) 980px, (min-width: 981px) and (max-width: 1280px) 1280px, (min-width: 1281px) 1413px, 100vw\" \/>Bratislava, j\u00fal \/ august 2024<\/p>\n<p style=\"text-align: right;\"><img loading=\"lazy\" decoding=\"async\" class=\"aligncenter wp-image-11389 size-full\" src=\"https:\/\/zvks.sk\/wp-content\/uploads\/2023\/02\/UA-festival_web.jpg\" alt=\"\" width=\"1200\" height=\"675\" srcset=\"https:\/\/zvks.sk\/wp-content\/uploads\/2023\/02\/UA-festival_web.jpg 1200w, https:\/\/zvks.sk\/wp-content\/uploads\/2023\/02\/UA-festival_web-980x551.jpg 980w, https:\/\/zvks.sk\/wp-content\/uploads\/2023\/02\/UA-festival_web-480x270.jpg 480w\" sizes=\"(min-width: 0px) and (max-width: 480px) 480px, (min-width: 481px) and (max-width: 980px) 980px, (min-width: 981px) 1200px, 100vw\" \/> Bratislava, 7. september 2024<\/p>\n<p style=\"text-align: right;\"><img loading=\"lazy\" decoding=\"async\" class=\"alignnone wp-image-11864 size-full\" src=\"https:\/\/zvks.sk\/wp-content\/uploads\/2024\/11\/bkp_20241106_171635-scaled.jpg\" alt=\"\" width=\"2560\" height=\"1920\" srcset=\"https:\/\/zvks.sk\/wp-content\/uploads\/2024\/11\/bkp_20241106_171635-scaled.jpg 2560w, https:\/\/zvks.sk\/wp-content\/uploads\/2024\/11\/bkp_20241106_171635-1280x960.jpg 1280w, https:\/\/zvks.sk\/wp-content\/uploads\/2024\/11\/bkp_20241106_171635-980x735.jpg 980w, https:\/\/zvks.sk\/wp-content\/uploads\/2024\/11\/bkp_20241106_171635-480x360.jpg 480w\" sizes=\"(min-width: 0px) and (max-width: 480px) 480px, (min-width: 481px) and (max-width: 980px) 980px, (min-width: 981px) and (max-width: 1280px) 1280px, (min-width: 1281px) 2560px, 100vw\" \/>Bratislava, Incheba Expo, 6. november 2024<\/p>\n<p style=\"text-align: right;\"><img loading=\"lazy\" decoding=\"async\" class=\"wp-image-12340 size-full alignright\" src=\"https:\/\/zvks.sk\/wp-content\/uploads\/2023\/02\/TEUk9_.jpg\" alt=\"\" width=\"1920\" height=\"1200\" srcset=\"https:\/\/zvks.sk\/wp-content\/uploads\/2023\/02\/TEUk9_.jpg 1920w, https:\/\/zvks.sk\/wp-content\/uploads\/2023\/02\/TEUk9_-1280x800.jpg 1280w, https:\/\/zvks.sk\/wp-content\/uploads\/2023\/02\/TEUk9_-980x613.jpg 980w, https:\/\/zvks.sk\/wp-content\/uploads\/2023\/02\/TEUk9_-480x300.jpg 480w\" sizes=\"(min-width: 0px) and (max-width: 480px) 480px, (min-width: 481px) and (max-width: 980px) 980px, (min-width: 981px) and (max-width: 1280px) 1280px, (min-width: 1281px) 1920px, 100vw\" \/>Bratislava, Praha, 6. december 2024<\/p>\n<p style=\"text-align: right;\"><img loading=\"lazy\" decoding=\"async\" class=\"aligncenter wp-image-12545 size-full\" src=\"https:\/\/zvks.sk\/wp-content\/uploads\/2023\/02\/TEUk_Bologna.jpg\" alt=\"\" width=\"1920\" height=\"1200\" srcset=\"https:\/\/zvks.sk\/wp-content\/uploads\/2023\/02\/TEUk_Bologna.jpg 1920w, https:\/\/zvks.sk\/wp-content\/uploads\/2023\/02\/TEUk_Bologna-1280x800.jpg 1280w, https:\/\/zvks.sk\/wp-content\/uploads\/2023\/02\/TEUk_Bologna-980x613.jpg 980w, https:\/\/zvks.sk\/wp-content\/uploads\/2023\/02\/TEUk_Bologna-480x300.jpg 480w\" sizes=\"(min-width: 0px) and (max-width: 480px) 480px, (min-width: 481px) and (max-width: 980px) 980px, (min-width: 981px) and (max-width: 1280px) 1280px, (min-width: 1281px) 1920px, 100vw\" \/>Bologna, st\u00e1nok SLC, 31. marec 2025<\/p>\n<p style=\"text-align: right;\"><img loading=\"lazy\" decoding=\"async\" class=\"aligncenter wp-image-13209 size-full\" src=\"https:\/\/zvks.sk\/wp-content\/uploads\/2025\/09\/DUA-web.jpg\" alt=\"\" width=\"1920\" height=\"1920\" srcset=\"https:\/\/zvks.sk\/wp-content\/uploads\/2025\/09\/DUA-web.jpg 1920w, https:\/\/zvks.sk\/wp-content\/uploads\/2025\/09\/DUA-web-1280x1280.jpg 1280w, https:\/\/zvks.sk\/wp-content\/uploads\/2025\/09\/DUA-web-980x980.jpg 980w, https:\/\/zvks.sk\/wp-content\/uploads\/2025\/09\/DUA-web-480x480.jpg 480w\" sizes=\"(min-width: 0px) and (max-width: 480px) 480px, (min-width: 481px) and (max-width: 980px) 980px, (min-width: 981px) and (max-width: 1280px) 1280px, (min-width: 1281px) 1920px, 100vw\" \/>Slovensko, 22.-24. august 2025<\/p>\n<p>D\u0148a 19.9.2025 sa uskuto\u010dnil kult\u00farny ve\u010der pod n\u00e1zvom \u201c<a href=\"https:\/\/www.facebook.com\/photo?fbid=4159033591033630&amp;set=gm.1676355783033595&amp;idorvanity=949457482390099\" target=\"_blank\" rel=\"noopener\">Cesta k mieru \u2013 S l\u00e1skou k Ukrajine<\/a>\u201d, ktor\u00fd sa konal na ambas\u00e1de mieru v Bratislave. Dr. Juraj Lajda z Prahy, z vydavate\u013estva Ide\u00e1l, rozd\u00e1val dvojjazy\u010dn\u00e9 detsk\u00e9 knihy a predstavil pr\u00edslu\u0161n\u00fd projekt \u201cTales of Ukraine\u201d zameran\u00fd na pomoc ukrajinsk\u00fdm ute\u010dencom prostredn\u00edctvom vyd\u00e1vania a distrib\u00facie dvojjazy\u010dn\u00fdch vydan\u00ed ukrajinsk\u00fdch detsk\u00fdch kn\u00edh.<\/p>\n<p style=\"text-align: right;\"><img loading=\"lazy\" decoding=\"async\" class=\"aligncenter wp-image-13473 size-full\" src=\"https:\/\/zvks.sk\/wp-content\/uploads\/2025\/10\/IMG_7495-scaled.jpg\" alt=\"\" width=\"2560\" height=\"1707\" srcset=\"https:\/\/zvks.sk\/wp-content\/uploads\/2025\/10\/IMG_7495-scaled.jpg 2560w, https:\/\/zvks.sk\/wp-content\/uploads\/2025\/10\/IMG_7495-1280x854.jpg 1280w, https:\/\/zvks.sk\/wp-content\/uploads\/2025\/10\/IMG_7495-980x653.jpg 980w, https:\/\/zvks.sk\/wp-content\/uploads\/2025\/10\/IMG_7495-480x320.jpg 480w\" sizes=\"(min-width: 0px) and (max-width: 480px) 480px, (min-width: 481px) and (max-width: 980px) 980px, (min-width: 981px) and (max-width: 1280px) 1280px, (min-width: 1281px) 2560px, 100vw\" \/>Bratislava, 19.september 2025<\/p>\n<p style=\"text-align: right;\"><img loading=\"lazy\" decoding=\"async\" class=\"aligncenter wp-image-13509 size-full\" src=\"https:\/\/zvks.sk\/wp-content\/uploads\/2023\/02\/DUCH_CZ_FDT-pozvanky_24.jpg\" alt=\"\" width=\"1240\" height=\"709\" srcset=\"https:\/\/zvks.sk\/wp-content\/uploads\/2023\/02\/DUCH_CZ_FDT-pozvanky_24.jpg 1240w, https:\/\/zvks.sk\/wp-content\/uploads\/2023\/02\/DUCH_CZ_FDT-pozvanky_24-980x560.jpg 980w, https:\/\/zvks.sk\/wp-content\/uploads\/2023\/02\/DUCH_CZ_FDT-pozvanky_24-480x274.jpg 480w\" sizes=\"(min-width: 0px) and (max-width: 480px) 480px, (min-width: 481px) and (max-width: 980px) 980px, (min-width: 981px) 1240px, 100vw\" \/>Praha, 16. okt\u00f3ber 2025<\/p>\n<p style=\"text-align: center;\">\u00a0V\u0161etky aktualiz\u00e1cie o v\u00fdvoji projektu s\u00fa dostupn\u00e9 na <a href=\"https:\/\/talesofeukraine.blogspot.com\/\">blog<\/a>u TEUk a soci\u00e1lnych sie\u0165ach <a href=\"https:\/\/twitter.com\/TalesofEUkraine\">X<\/a>, <a href=\"https:\/\/www.facebook.com\/talesofeukraine\/\">Facebook<\/a>\u00a0a <a href=\"https:\/\/www.instagram.com\/talesofeukraine\/\">Instagram<\/a>.<br \/>\n#CreativeEurope #TEUk <span class=\"r-18u37iz\">\u00a0<a class=\"css-4rbku5 css-18t94o4 css-901oao css-16my406 r-1cvl2hr r-1loqt21 r-poiln3 r-bcqeeo r-1ny4l3l r-1ddef8g r-tjvw6i r-qvutc0\" dir=\"ltr\" role=\"link\" href=\"https:\/\/twitter.com\/TalesofEUkraine\">@TalesofEUkraine<\/a><\/span><\/p>\n<p><img loading=\"lazy\" decoding=\"async\" class=\"size-medium wp-image-10050 aligncenter\" src=\"https:\/\/zvks.sk\/wp-content\/uploads\/2024\/01\/CE_logo-300x95.png\" alt=\"\" width=\"300\" height=\"95\" srcset=\"https:\/\/zvks.sk\/wp-content\/uploads\/2024\/01\/CE_logo-300x95.png 300w, https:\/\/zvks.sk\/wp-content\/uploads\/2024\/01\/CE_logo-18x6.png 18w, https:\/\/zvks.sk\/wp-content\/uploads\/2024\/01\/CE_logo-150x47.png 150w, https:\/\/zvks.sk\/wp-content\/uploads\/2024\/01\/CE_logo-24x8.png 24w, https:\/\/zvks.sk\/wp-content\/uploads\/2024\/01\/CE_logo-36x11.png 36w, https:\/\/zvks.sk\/wp-content\/uploads\/2024\/01\/CE_logo-48x15.png 48w, https:\/\/zvks.sk\/wp-content\/uploads\/2024\/01\/CE_logo.png 398w\" sizes=\"(max-width: 300px) 100vw, 300px\" \/><\/p>\n","protected":false},"excerpt":{"rendered":"<p>TLA\u010cOV\u00c1 SPR\u00c1VA Eur\u00f3pske asoci\u00e1cie vydavate\u013eov a Ukrajinsk\u00fd kni\u017en\u00fd in\u0161tit\u00fat sp\u00fa\u0161\u0165aj\u00fa projekt Tales of EUkraine v Bologni. Projekt poskytne dvojjazy\u010dn\u00e9 knihy pre deti ukrajinsk\u00fdch ute\u010dencov v\u00a0Eur\u00f3pe. TEUk je projekt spolufinancovan\u00fd z programu Eur\u00f3pskej komisie Kreat\u00edvna Eur\u00f3pa (101100131 &#8211; CREA-CULT-2022-COOP-2), ktor\u00e9ho cie\u013eom je tla\u010di\u0165 a distribuova\u0165 dvojjazy\u010dn\u00e9 vydania detsk\u00fdch kn\u00edh ukrajinsk\u00fdm de\u0165om vys\u00eddlen\u00fdm vo viacer\u00fdch eur\u00f3pskych krajin\u00e1ch. [&hellip;]<\/p>\n","protected":false},"author":7,"featured_media":0,"comment_status":"closed","ping_status":"closed","sticky":false,"template":"","format":"gallery","meta":{"_et_pb_use_builder":"","_et_pb_old_content":"","_et_gb_content_width":"","footnotes":""},"categories":[1],"tags":[],"class_list":["post-8234","post","type-post","status-publish","format-gallery","hentry","category-1","post_format-post-format-gallery"],"_links":{"self":[{"href":"https:\/\/zvks.sk\/en\/wp-json\/wp\/v2\/posts\/8234","targetHints":{"allow":["GET"]}}],"collection":[{"href":"https:\/\/zvks.sk\/en\/wp-json\/wp\/v2\/posts"}],"about":[{"href":"https:\/\/zvks.sk\/en\/wp-json\/wp\/v2\/types\/post"}],"author":[{"embeddable":true,"href":"https:\/\/zvks.sk\/en\/wp-json\/wp\/v2\/users\/7"}],"replies":[{"embeddable":true,"href":"https:\/\/zvks.sk\/en\/wp-json\/wp\/v2\/comments?post=8234"}],"version-history":[{"count":61,"href":"https:\/\/zvks.sk\/en\/wp-json\/wp\/v2\/posts\/8234\/revisions"}],"predecessor-version":[{"id":12293,"href":"https:\/\/zvks.sk\/en\/wp-json\/wp\/v2\/posts\/8234\/revisions\/12293"}],"wp:attachment":[{"href":"https:\/\/zvks.sk\/en\/wp-json\/wp\/v2\/media?parent=8234"}],"wp:term":[{"taxonomy":"category","embeddable":true,"href":"https:\/\/zvks.sk\/en\/wp-json\/wp\/v2\/categories?post=8234"},{"taxonomy":"post_tag","embeddable":true,"href":"https:\/\/zvks.sk\/en\/wp-json\/wp\/v2\/tags?post=8234"}],"curies":[{"name":"wp","href":"https:\/\/api.w.org\/{rel}","templated":true}]}}