{"id":8664,"date":"2023-02-23T22:59:32","date_gmt":"2023-02-23T21:59:32","guid":{"rendered":"https:\/\/zvks.sk\/?p=8664"},"modified":"2026-02-05T22:23:06","modified_gmt":"2026-02-05T21:23:06","slug":"aky-bol-knizny-rok-22","status":"publish","type":"post","link":"https:\/\/zvks.sk\/en\/aky-bol-knizny-rok-22\/","title":{"rendered":"2022"},"content":{"rendered":"<p><span style=\"color: #000000;\"><img loading=\"lazy\" decoding=\"async\" class=\"alignnone wp-image-14101\" src=\"https:\/\/zvks.sk\/wp-content\/uploads\/2025\/12\/play_i.png\" alt=\"\" width=\"12\" height=\"12\" srcset=\"https:\/\/zvks.sk\/wp-content\/uploads\/2025\/12\/play_i.png 225w, https:\/\/zvks.sk\/wp-content\/uploads\/2025\/12\/play_i-150x150.png 150w, https:\/\/zvks.sk\/wp-content\/uploads\/2025\/12\/play_i-12x12.png 12w, https:\/\/zvks.sk\/wp-content\/uploads\/2025\/12\/play_i-100x100.png 100w\" sizes=\"(max-width: 12px) 100vw, 12px\" \/>\u00a0 <a href=\"https:\/\/www.youtube.com\/watch?app=desktop&amp;v=idbyc7jwfDE\" target=\"_blank\" rel=\"noopener\">Z\u00e1znam diskusie<\/a>\u00a0s vydavate\u013emi, moderoval Dado Nagy.<\/span><\/p>\n<p><span style=\"color: #000000;\">Tatran &#8211; Eva Ml\u00e1dekov\u00e1<br \/>\nInaque &#8211; A\u0148a Ostriho\u0148ov\u00e1<br \/>\nAlbatros Media &#8211; \u013dubica \u0160ipo\u0161ov\u00e1<br \/>\nSlovart &#8211; Juraj Heger<br \/>\nIkar &#8211; Marek N\u00e9ma<br \/>\nAbsynt &#8211; Filip Ostrowski<br \/>\nMama\u0161 &#8211; Sa\u0161a Petr\u00e1\u0161ov\u00e1<br \/>\nPremedia &#8211; J\u00e1n Gregor<\/span><\/p>\n<p><img loading=\"lazy\" decoding=\"async\" class=\"aligncenter wp-image-8143\" src=\"https:\/\/zvks.sk\/wp-content\/uploads\/2023\/02\/PR_diskus.jpg\" alt=\"\" width=\"1920\" height=\"860\" srcset=\"https:\/\/zvks.sk\/wp-content\/uploads\/2023\/02\/PR_diskus.jpg 1920w, https:\/\/zvks.sk\/wp-content\/uploads\/2023\/02\/PR_diskus-1280x574.jpg 1280w, https:\/\/zvks.sk\/wp-content\/uploads\/2023\/02\/PR_diskus-980x439.jpg 980w, https:\/\/zvks.sk\/wp-content\/uploads\/2023\/02\/PR_diskus-480x215.jpg 480w\" sizes=\"(min-width: 0px) and (max-width: 480px) 480px, (min-width: 481px) and (max-width: 980px) 980px, (min-width: 981px) and (max-width: 1280px) 1280px, (min-width: 1281px) 1920px, 100vw\" \/><\/p>\n<p>&nbsp;<\/p>","protected":false},"excerpt":{"rendered":"<p>\u00a0 Z\u00e1znam diskusie\u00a0s vydavate\u013emi, moderoval Dado Nagy. Tatran &#8211; Eva Ml\u00e1dekov\u00e1 Inaque &#8211; A\u0148a Ostriho\u0148ov\u00e1 Albatros Media &#8211; \u013dubica \u0160ipo\u0161ov\u00e1 Slovart &#8211; Juraj Heger Ikar &#8211; Marek N\u00e9ma Absynt &#8211; Filip Ostrowski Mama\u0161 &#8211; Sa\u0161a Petr\u00e1\u0161ov\u00e1 Premedia &#8211; J\u00e1n Gregor &nbsp;<\/p>","protected":false},"author":7,"featured_media":0,"comment_status":"closed","ping_status":"closed","sticky":false,"template":"","format":"gallery","meta":{"_et_pb_use_builder":"","_et_pb_old_content":"","_et_gb_content_width":"","footnotes":""},"categories":[1],"tags":[],"class_list":["post-8664","post","type-post","status-publish","format-gallery","hentry","category-1","post_format-post-format-gallery"],"_links":{"self":[{"href":"https:\/\/zvks.sk\/en\/wp-json\/wp\/v2\/posts\/8664","targetHints":{"allow":["GET"]}}],"collection":[{"href":"https:\/\/zvks.sk\/en\/wp-json\/wp\/v2\/posts"}],"about":[{"href":"https:\/\/zvks.sk\/en\/wp-json\/wp\/v2\/types\/post"}],"author":[{"embeddable":true,"href":"https:\/\/zvks.sk\/en\/wp-json\/wp\/v2\/users\/7"}],"replies":[{"embeddable":true,"href":"https:\/\/zvks.sk\/en\/wp-json\/wp\/v2\/comments?post=8664"}],"version-history":[{"count":13,"href":"https:\/\/zvks.sk\/en\/wp-json\/wp\/v2\/posts\/8664\/revisions"}],"predecessor-version":[{"id":14109,"href":"https:\/\/zvks.sk\/en\/wp-json\/wp\/v2\/posts\/8664\/revisions\/14109"}],"wp:attachment":[{"href":"https:\/\/zvks.sk\/en\/wp-json\/wp\/v2\/media?parent=8664"}],"wp:term":[{"taxonomy":"category","embeddable":true,"href":"https:\/\/zvks.sk\/en\/wp-json\/wp\/v2\/categories?post=8664"},{"taxonomy":"post_tag","embeddable":true,"href":"https:\/\/zvks.sk\/en\/wp-json\/wp\/v2\/tags?post=8664"}],"curies":[{"name":"wp","href":"https:\/\/api.w.org\/{rel}","templated":true}]}}