{"id":9840,"date":"2024-01-02T20:48:58","date_gmt":"2024-01-02T19:48:58","guid":{"rendered":"https:\/\/zvks.sk\/?p=9840"},"modified":"2024-06-25T22:50:20","modified_gmt":"2024-06-25T20:50:20","slug":"teuk-bratislava-2023","status":"publish","type":"post","link":"https:\/\/zvks.sk\/en\/teuk-bratislava-2023\/","title":{"rendered":"TEUk Bratislava 2023"},"content":{"rendered":"<p>D\u0148a 6.12.2023 sa v priestoroch Ve\u013evyslanectva Ukrajiny uskuto\u010dnilo stretnutie s ve\u013evyslancom Ukrajiny p\u00e1nom <span class=\"xt0psk2\">Myroslavom Kastranom<\/span> za \u00fa\u010delom <img loading=\"lazy\" decoding=\"async\" class=\"alignright wp-image-8210\" src=\"https:\/\/zvks.sk\/wp-content\/uploads\/2023\/02\/logo_Tales-of-EUkraine-black_full-300x144.png\" alt=\"\" width=\"110\" height=\"53\" \/> symbolick\u00e9ho odovzdania prvej v\u00e1rky kn\u00edh pre ukrajinsk\u00e9 deti \u017eij\u00face na Slovensku, v r\u00e1mci projektu <a class=\"x1i10hfl xjbqb8w x6umtig x1b1mbwd xaqea5y xav7gou x9f619 x1ypdohk xt0psk2 xe8uvvx xdj266r x11i5rnm xat24cr x1mh8g0r xexx8yu x4uap5 x18d9i69 xkhd6sd x16tdsg8 x1hl2dhg xggy1nq x1a2a7pz xt0b8zv x1qq9wsj xo1l8bm\" tabindex=\"0\" role=\"link\" href=\"https:\/\/www.facebook.com\/talesofeukraine?__cft__[0]=AZW2GDE-U-83cYdtSgbb8fuIX5OEMltKXy7wUyjjLz4M3c-wJ4phlI2anjALoI_2rRHI6am93JKj7KqzN6MHYobGtV3R3x8Dyj2mE4GjHrWLNCo9Qzog-49OzEOwuRR-w7R-vD9Ikzb_4IEMmRMlhpG9I9BK2yNedrABgjs6x4DHYvJiZKj3IBq8VsuLXvxRp1s&amp;__tn__=-]K-R\"><span class=\"xt0psk2\">Tales of EUkraine<\/span><\/a>.<\/p>\n<p dir=\"auto\">Cie\u013eom projektu #TEUk je tla\u010di\u0165 a distribuova\u0165 dvojjazy\u010dn\u00e9 vydania detsk\u00fdch kn\u00edh ukrajinsk\u00fdm de\u0165om vys\u00eddlen\u00fdm vo viacer\u00fdch eur\u00f3pskych krajin\u00e1ch,<br \/>\ngarantom projektu je <span class=\"xt0psk2\">Federation of European Publishers<\/span> a <span class=\"xt0psk2\">\u0423\u043a\u0440\u0430\u0457\u043d\u0441\u044c\u043a\u0438\u0439 \u0456\u043d\u0441\u0442\u0438\u0442\u0443\u0442 \u043a\u043d\u0438\u0433\u0438<\/span>. Za ZVKS sa zapojili: <span class=\"xt0psk2\">Vydavate\u013estvo MATYS a stretnutia sa<br \/>\nz\u00fa\u010dastnili z\u00e1stupcovia z <\/span><span class=\"xt0psk2\">Vydavate\u013estva DAJAMA, Daniela Koll\u00e1rov\u00e1 a <\/span><span class=\"xt0psk2\">Vydavatelstv\u00ed IDE\u00c1L, Juraj Lajda.<\/span><\/p>\n<div dir=\"auto\">\n<p>&nbsp;<\/p>\n<div class=\"et_pb_slider et_pb_slider_fullwidth_off et_pb_gallery_post_type\">\n\t\t\t\t<div class=\"et_pb_slides\">\n\t\t\t\t\t<div class=\"et_pb_slide\" style=\"background: url(https:\/\/zvks.sk\/wp-content\/uploads\/2023\/12\/20231206_110218-scaled.jpg);\"><\/div><div class=\"et_pb_slide\" style=\"background: url(https:\/\/zvks.sk\/wp-content\/uploads\/2023\/12\/20231206_112620-scaled.jpg);\"><\/div><div class=\"et_pb_slide\" style=\"background: url(https:\/\/zvks.sk\/wp-content\/uploads\/2023\/12\/20231206_113702-scaled.jpg);\"><\/div><div class=\"et_pb_slide\" style=\"background: url(https:\/\/zvks.sk\/wp-content\/uploads\/2023\/12\/20231206_113745-scaled.jpg);\"><\/div><div class=\"et_pb_slide\" style=\"background: url(https:\/\/zvks.sk\/wp-content\/uploads\/2023\/12\/20231206_113405-1-scaled.jpg);\"><\/div><div class=\"et_pb_slide\" style=\"background: url(https:\/\/zvks.sk\/wp-content\/uploads\/2023\/12\/20231206_112939-scaled.jpg);\"><\/div><div class=\"et_pb_slide\" style=\"background: url(https:\/\/zvks.sk\/wp-content\/uploads\/2023\/12\/20231206_113011-scaled.jpg);\"><\/div><div class=\"et_pb_slide\" style=\"background: url(https:\/\/zvks.sk\/wp-content\/uploads\/2023\/12\/20231206_113308-scaled.jpg);\"><\/div>\n\t\t\t\t<\/div>\n\t\t\t<\/div>\n<p><a href=\"https:\/\/www.rtvs.sk\/televizia\/archiv\/13986\/439918#2585\"><img loading=\"lazy\" decoding=\"async\" class=\"aligncenter wp-image-9874 size-full\" src=\"https:\/\/zvks.sk\/wp-content\/uploads\/2023\/02\/rtvs.jpg\" alt=\"\" width=\"1860\" height=\"994\" srcset=\"https:\/\/zvks.sk\/wp-content\/uploads\/2023\/02\/rtvs.jpg 1860w, https:\/\/zvks.sk\/wp-content\/uploads\/2023\/02\/rtvs-1280x684.jpg 1280w, https:\/\/zvks.sk\/wp-content\/uploads\/2023\/02\/rtvs-980x524.jpg 980w, https:\/\/zvks.sk\/wp-content\/uploads\/2023\/02\/rtvs-480x257.jpg 480w\" sizes=\"(min-width: 0px) and (max-width: 480px) 480px, (min-width: 481px) and (max-width: 980px) 980px, (min-width: 981px) and (max-width: 1280px) 1280px, (min-width: 1281px) 1860px, 100vw\" \/><\/a><\/p>\n<p style=\"text-align: right;\"><a href=\"https:\/\/www.ta3.com\/clanok\/914352\/ukrajinske-deti-budu-mat-lahsi-pristup-k-rodnej-literature-do-roku-2025-bude-na-slovensku-priblizne-10-tisic-dvojjazycnych-knih\"><img loading=\"lazy\" decoding=\"async\" class=\"alignright wp-image-9875 size-full\" src=\"https:\/\/zvks.sk\/wp-content\/uploads\/2023\/02\/TA3_.jpg\" alt=\"\" width=\"1916\" height=\"998\" srcset=\"https:\/\/zvks.sk\/wp-content\/uploads\/2023\/02\/TA3_.jpg 1916w, https:\/\/zvks.sk\/wp-content\/uploads\/2023\/02\/TA3_-1280x667.jpg 1280w, https:\/\/zvks.sk\/wp-content\/uploads\/2023\/02\/TA3_-980x510.jpg 980w, https:\/\/zvks.sk\/wp-content\/uploads\/2023\/02\/TA3_-480x250.jpg 480w\" sizes=\"(min-width: 0px) and (max-width: 480px) 480px, (min-width: 481px) and (max-width: 980px) 980px, (min-width: 981px) and (max-width: 1280px) 1280px, (min-width: 1281px) 1916px, 100vw\" \/><\/a><\/p>\n<p><img loading=\"lazy\" decoding=\"async\" class=\"size-medium wp-image-10050 aligncenter\" src=\"https:\/\/zvks.sk\/wp-content\/uploads\/2024\/01\/CE_logo-300x95.png\" alt=\"\" width=\"300\" height=\"95\" srcset=\"https:\/\/zvks.sk\/wp-content\/uploads\/2024\/01\/CE_logo-300x95.png 300w, https:\/\/zvks.sk\/wp-content\/uploads\/2024\/01\/CE_logo-18x6.png 18w, https:\/\/zvks.sk\/wp-content\/uploads\/2024\/01\/CE_logo-150x47.png 150w, https:\/\/zvks.sk\/wp-content\/uploads\/2024\/01\/CE_logo-24x8.png 24w, https:\/\/zvks.sk\/wp-content\/uploads\/2024\/01\/CE_logo-36x11.png 36w, https:\/\/zvks.sk\/wp-content\/uploads\/2024\/01\/CE_logo-48x15.png 48w, https:\/\/zvks.sk\/wp-content\/uploads\/2024\/01\/CE_logo.png 398w\" sizes=\"(max-width: 300px) 100vw, 300px\" \/><\/p>\n<\/div>\n","protected":false},"excerpt":{"rendered":"<p>D\u0148a 6.12.2023 sa v priestoroch Ve\u013evyslanectva Ukrajiny uskuto\u010dnilo stretnutie s ve\u013evyslancom Ukrajiny p\u00e1nom Myroslavom Kastranom za \u00fa\u010delom symbolick\u00e9ho odovzdania prvej v\u00e1rky kn\u00edh pre ukrajinsk\u00e9 deti \u017eij\u00face na Slovensku, v r\u00e1mci projektu Tales of EUkraine. Cie\u013eom projektu #TEUk je tla\u010di\u0165 a distribuova\u0165 dvojjazy\u010dn\u00e9 vydania detsk\u00fdch kn\u00edh ukrajinsk\u00fdm de\u0165om vys\u00eddlen\u00fdm vo viacer\u00fdch eur\u00f3pskych krajin\u00e1ch, garantom projektu je [&hellip;]<\/p>\n","protected":false},"author":7,"featured_media":9927,"comment_status":"closed","ping_status":"closed","sticky":false,"template":"","format":"standard","meta":{"_et_pb_use_builder":"","_et_pb_old_content":"","_et_gb_content_width":"","footnotes":""},"categories":[77],"tags":[],"class_list":["post-9840","post","type-post","status-publish","format-standard","has-post-thumbnail","hentry","category-77"],"_links":{"self":[{"href":"https:\/\/zvks.sk\/en\/wp-json\/wp\/v2\/posts\/9840","targetHints":{"allow":["GET"]}}],"collection":[{"href":"https:\/\/zvks.sk\/en\/wp-json\/wp\/v2\/posts"}],"about":[{"href":"https:\/\/zvks.sk\/en\/wp-json\/wp\/v2\/types\/post"}],"author":[{"embeddable":true,"href":"https:\/\/zvks.sk\/en\/wp-json\/wp\/v2\/users\/7"}],"replies":[{"embeddable":true,"href":"https:\/\/zvks.sk\/en\/wp-json\/wp\/v2\/comments?post=9840"}],"version-history":[{"count":30,"href":"https:\/\/zvks.sk\/en\/wp-json\/wp\/v2\/posts\/9840\/revisions"}],"predecessor-version":[{"id":10945,"href":"https:\/\/zvks.sk\/en\/wp-json\/wp\/v2\/posts\/9840\/revisions\/10945"}],"wp:featuredmedia":[{"embeddable":true,"href":"https:\/\/zvks.sk\/en\/wp-json\/wp\/v2\/media\/9927"}],"wp:attachment":[{"href":"https:\/\/zvks.sk\/en\/wp-json\/wp\/v2\/media?parent=9840"}],"wp:term":[{"taxonomy":"category","embeddable":true,"href":"https:\/\/zvks.sk\/en\/wp-json\/wp\/v2\/categories?post=9840"},{"taxonomy":"post_tag","embeddable":true,"href":"https:\/\/zvks.sk\/en\/wp-json\/wp\/v2\/tags?post=9840"}],"curies":[{"name":"wp","href":"https:\/\/api.w.org\/{rel}","templated":true}]}}